{"id":39821,"date":"2021-12-29T21:25:58","date_gmt":"2021-12-30T03:25:58","guid":{"rendered":"https:\/\/interaccionnoticias.com.mx\/?p=39821"},"modified":"2021-12-29T21:26:03","modified_gmt":"2021-12-30T03:26:03","slug":"irregular-el-alza-en-las-tarifas-del-pasaje","status":"publish","type":"post","link":"https:\/\/www.interaccionnoticias.com.mx\/?p=39821","title":{"rendered":"Irregular, el alza en las tarifas del pasaje"},"content":{"rendered":"\n<p><strong><em>&#8211; Rafael Navarrete llama a los transportistas a frenar el incremento en sus tarifas<\/em><\/strong><\/p>\n\n\n\n<p><strong>\u00a0Rosario Garc\u00eda Orozco<\/strong>\u00a0<\/p>\n\n\n\n<p><strong>Chilpancingo, Gro., 29 de diciembre del 2021. &#8211;<\/strong> Tras el incremento irregular del precio del servicio p\u00fablico de transporte, el diputado Rafael Navarrete Quezada, presidente de la Comisi\u00f3n de Transporte en el Congreso del Estado, llam\u00f3 a los trabajadores del volante a ser solidarios y no incrementar de forma ilegal las tarifas del pasaje, porque afecta la econom\u00eda de la poblaci\u00f3n.\u00a0<\/p>\n\n\n\n<p>Lo anterior luego de que en redes sociales la poblaci\u00f3n en general se ha quejado de que de manera sorpresiva los taxistas incrementaron sus tarifas, principalmente en Chilpancingo y Acapulco, sin que oficialmente haya una autorizaci\u00f3n para esa medida.&nbsp;<\/p>\n\n\n\n<p>\u00abNo existe ning\u00fan documento o acuerdo del Consejo T\u00e9cnico del Transporte donde se haya aprobado alg\u00fan aumento a las tarifas, es una realidad y aunque tambi\u00e9n es cierto que los combustibles han subido de precio y en enero va a volver a tener un aumento por el tema del IEPS, lo real es que es ilegal cualquier tipo de aumento al pasaje\u00bb, insisti\u00f3 el legislador priista.&nbsp;<\/p>\n\n\n\n<p>Navarrete Quezada sostuvo que s\u00f3lo el Consejo T\u00e9cnico, integrado por varias dependencias del Gobierno del Estado, es el indicado para autorizar un incremento en las tarifas del transporte, y hasta ahora no hay un documento oficial que avale esa determinaci\u00f3n, de manera que es ilegal esa medida que tomaron algunos transportistas del estado.&nbsp;<\/p>\n\n\n\n<p>Reconoci\u00f3 que los transportistas est\u00e1n resintiendo el aumento en los costos del combustible, pero, pidi\u00f3 que sean solidarios con los usuarios, porque son los directamente afectados, y como presidente de la Comisi\u00f3n de Transporte del Congreso Local, los convoc\u00f3 a establecer un di\u00e1logo entre la Direcci\u00f3n de Transportes del Estado y los trabajadores del volante para buscar soluciones a este asunto.<\/p>\n","protected":false},"excerpt":{"rendered":"<p>&#8211; Rafael Navarrete llama a los transportistas a frenar el incremento en sus tarifas \u00a0Rosario Garc\u00eda Orozco\u00a0 Chilpancingo, Gro., 29 de diciembre del 2021. &#8211; Tras el incremento irregular del&hellip; <\/p>\n","protected":false},"author":14,"featured_media":39822,"comment_status":"open","ping_status":"open","sticky":false,"template":"","format":"standard","meta":{"fifu_image_url":"","fifu_image_alt":"","footnotes":""},"categories":[2],"tags":[],"class_list":["post-39821","post","type-post","status-publish","format-standard","has-post-thumbnail","hentry","category-congreso"],"_links":{"self":[{"href":"https:\/\/www.interaccionnoticias.com.mx\/index.php?rest_route=\/wp\/v2\/posts\/39821","targetHints":{"allow":["GET"]}}],"collection":[{"href":"https:\/\/www.interaccionnoticias.com.mx\/index.php?rest_route=\/wp\/v2\/posts"}],"about":[{"href":"https:\/\/www.interaccionnoticias.com.mx\/index.php?rest_route=\/wp\/v2\/types\/post"}],"author":[{"embeddable":true,"href":"https:\/\/www.interaccionnoticias.com.mx\/index.php?rest_route=\/wp\/v2\/users\/14"}],"replies":[{"embeddable":true,"href":"https:\/\/www.interaccionnoticias.com.mx\/index.php?rest_route=%2Fwp%2Fv2%2Fcomments&post=39821"}],"version-history":[{"count":1,"href":"https:\/\/www.interaccionnoticias.com.mx\/index.php?rest_route=\/wp\/v2\/posts\/39821\/revisions"}],"predecessor-version":[{"id":39823,"href":"https:\/\/www.interaccionnoticias.com.mx\/index.php?rest_route=\/wp\/v2\/posts\/39821\/revisions\/39823"}],"wp:featuredmedia":[{"embeddable":true,"href":"https:\/\/www.interaccionnoticias.com.mx\/index.php?rest_route=\/wp\/v2\/media\/39822"}],"wp:attachment":[{"href":"https:\/\/www.interaccionnoticias.com.mx\/index.php?rest_route=%2Fwp%2Fv2%2Fmedia&parent=39821"}],"wp:term":[{"taxonomy":"category","embeddable":true,"href":"https:\/\/www.interaccionnoticias.com.mx\/index.php?rest_route=%2Fwp%2Fv2%2Fcategories&post=39821"},{"taxonomy":"post_tag","embeddable":true,"href":"https:\/\/www.interaccionnoticias.com.mx\/index.php?rest_route=%2Fwp%2Fv2%2Ftags&post=39821"}],"curies":[{"name":"wp","href":"https:\/\/api.w.org\/{rel}","templated":true}]}}