{"id":3982,"date":"2017-05-04T20:19:14","date_gmt":"2017-05-05T01:19:14","guid":{"rendered":"http:\/\/www.inter-accion.com.mx\/?p=3982"},"modified":"2017-05-04T20:19:14","modified_gmt":"2017-05-05T01:19:14","slug":"dejan-sin-fuero-al-compadre-de-el-tequilero","status":"publish","type":"post","link":"https:\/\/www.interaccionnoticias.com.mx\/?p=3982","title":{"rendered":"Dejan sin fuero al compadre de \u201cEl Tequilero\u201d"},"content":{"rendered":"<p class=\"m_5747723333323831114xmsolistparagraph\"><span lang=\"ES\">\u00b7&nbsp;&nbsp;&nbsp;&nbsp;<span class=\"m_5747723333323831114apple-converted-space\">&nbsp;<\/span><\/span><span lang=\"ES\">La polic\u00eda ya puede capturar al ahora diputado con licencia Sa\u00fal Beltr\u00e1n Orozco, por el delito de homicidio calificado<\/span><\/p>\n<p class=\"m_5747723333323831114xmsonormal\"><span lang=\"ES\">&nbsp;<\/span><\/p>\n<p class=\"m_5747723333323831114xmsonormal\">&nbsp;<\/p>\n<p class=\"m_5747723333323831114xmsonormal\"><span lang=\"ES\">En votaci\u00f3n un\u00e1nime, el Pleno del Congreso de Guerrero aprob\u00f3 la solicitud de licencia presentada por el diputado local del PRI, Sa\u00fal Beltr\u00e1n Orozco, quien ya no tiene fuero constitucional y est\u00e1 en condiciones de ser capturado por la Polic\u00eda Ministerial del Estado (PME), como presunto responsable del delito de homicidio calificado.<\/span><\/p>\n<p class=\"m_5747723333323831114xmsonormal\"><span lang=\"ES\">La solicitud de licencia del tambi\u00e9n ex alcalde de San Miguel Totolapan lleg\u00f3 a la Oficial\u00eda Mayor del Congreso local desde la ma\u00f1ana del mi\u00e9rcoles 3 de mayo, enseguida se turn\u00f3 a la Junta de Coordinaci\u00f3n Pol\u00edtica y se incorpor\u00f3 a la Orden del D\u00eda que se desahog\u00f3 en la sesi\u00f3n plenaria del jueves 4.<\/span><\/p>\n<p class=\"m_5747723333323831114xmsonormal\"><span lang=\"ES\">Antes de emitir la votaci\u00f3n, el Pleno conoci\u00f3 el texto del documento con el que Beltr\u00e1n Orozco, compadre de Raybel Jacobo de Almonte, secuestrador conocido bajo el alias \u201cEl Tequilero\u201d solicit\u00f3 separarse del cargo de diputado local. &nbsp;&nbsp;<\/span><\/p>\n<p class=\"m_5747723333323831114xmsonormal\"><span lang=\"ES\">El oficio lo ley\u00f3 la secretaria de la Mesa Directiva, Roxana Agras Ulloa, el tambi\u00e9n ex alcalde de San Miguel Totolapan se dirigi\u00f3 en \u00e9l, Beltr\u00e1n Orozco recuera que lleg\u00f3 a la diputaci\u00f3n por el principio de mayor\u00eda relativa, la cual obtuvo al ganar la elecci\u00f3n correspondiente en el distrito electoral n\u00famero 17, con cabecera en Coyuca de Catal\u00e1n.<\/span><\/p>\n<p class=\"m_5747723333323831114xmsonormal\"><span lang=\"ES\">Explic\u00f3 que actualmente est\u00e1 a la espera de que el Poder Judicial de la Federaci\u00f3n resuelva lo relacionado con un juicio de amparo n\u00famero 108\/ 2017, radicado en el X Juzgado de Distrito, con sede en Chilpancingo.<\/span><\/p>\n<p class=\"m_5747723333323831114xmsonormal\"><span lang=\"ES\">Explic\u00f3 que promovi\u00f3 el juicio de amparo, &nbsp;ante lo que considera como \u201cla ilegal e inconstitucional orden de aprehensi\u00f3n que fue girada por una juez penal de Arcelia\u201d.<\/span><\/p>\n<p class=\"m_5747723333323831114xmsonormal\"><span lang=\"ES\">Ante la existencia de di pedimento judicial en su contra, Beltr\u00e1n dijo a los integrantes del Pleno que no est\u00e1 en la posibilidad de cumplir cabalmente con sus trabajos como diputado local, raz\u00f3n por la que opt\u00f3 por solicitar la licencia de referencia, con la intenci\u00f3n de estar en mejores condiciones para demostrar su inocencia ante las autoridades.<\/span><\/p>\n<p class=\"m_5747723333323831114xmsonormal\"><span lang=\"ES\">Aclar\u00f3 que la licencia de ninguna manera implica una renuncia definitiva al cargo, por lo que anticip\u00f3: \u201cregresar\u00e9 a ocupar mi esca\u00f1o en el Congreso del estado, en cuanto &nbsp;se demuestre la ilegalidad de la orden de aprehensi\u00f3n girada en mi contra\u201d.<\/span><\/p>\n<p class=\"m_5747723333323831114xmsonormal\"><span lang=\"ES\">Sa\u00fal Beltr\u00e1n reconoci\u00f3 que se encuentra frente a un escenario personal grave, ya que est\u00e1 en peligro de perder su libertad, a partir de \u201chechos que se me imputan de forma temeraria\u201d.<\/span><\/p>\n<p class=\"m_5747723333323831114xmsonormal\"><span lang=\"ES\">En el oficio presentado ante la Oficial\u00eda Mayor del Congreso, Beltr\u00e1n destaca que la orden de aprehensi\u00f3n se liber\u00f3 sin cumplir con el requisito de procedibilidad, pues no se estableci\u00f3 primero el Juicio de Procedencia que lo dejar\u00eda sin fuero constitucional, sino que se emiti\u00f3 el pedimento judicial cuando gozaba de fuero.<\/span><\/p>\n<p class=\"m_5747723333323831114xmsonormal\"><span lang=\"ES\">En el alegato que esgrimi\u00f3 ante sus compa\u00f1eros de legislatura, Sa\u00fal Beltr\u00e1n Orozco refiri\u00f3 que no existen datos en poder de las autoridades que lo puedan vincular de manera contundente con el delito de homicidio calificado.<\/span><\/p>\n<p class=\"m_5747723333323831114xmsonormal\"><span lang=\"ES\">\u201cNo hay nada que pruebe que<span class=\"m_5747723333323831114apple-converted-space\">&nbsp;<\/span>&nbsp;yo particip\u00e9 en la muerte que se hace referencia; soy inocente de los hechos que se me imputan\u201d.<\/span><\/p>\n<p class=\"m_5747723333323831114xmsonormal\"><span lang=\"ES\">En consecuencia, dijo que si pide licencia es para estar en la oportunidad de responder al se\u00f1alamiento que se le imputan, mismo que en forma reiterada califica como ilegal.<\/span><\/p>\n<p class=\"m_5747723333323831114xmsonormal\"><span lang=\"ES\">La licencia por tiempo indefinido se aprob\u00f3 por unanimidad.<\/span><\/p>\n<p class=\"m_5747723333323831114xmsonormal\"><span lang=\"ES\">Cuestionada sobre el asunto, la diputada Flor A\u00f1orve Ocampo, presidenta de la Junta de Coordinaci\u00f3n Pol\u00edtica, Flor A\u00f1orve Ocampo reconoci\u00f3 que su compa\u00f1ero de legislatura pierde todos sus derechos al separarse del cargo, lo que implica quedarse sin fuero constitucional.<\/span><\/p>\n<p class=\"m_5747723333323831114xmsonormal\"><span lang=\"ES\">En consecuencia, reconoci\u00f3 que la Polic\u00eda Ministerial del Estado est\u00e1 en condiciones de hacer efectiva la orden de aprehensi\u00f3n existente en contra de Sa\u00fal Beltr\u00e1n Orozco, a quien se le comprob\u00f3 el compadrazgo con el secuestrador Raybel Jacobo de Almonte, alias \u201cEl Tequilero\u201d.<\/span><\/p>\n<p class=\"m_5747723333323831114xmsonormal\"><span lang=\"ES\">No hubo debate, los diputados del PRI y del PVEM no usaron la tribuna para defender a su compa\u00f1ero.<\/span><\/p>\n","protected":false},"excerpt":{"rendered":"<p>\u00b7&nbsp;&nbsp;&nbsp;&nbsp;&nbsp;La polic\u00eda ya puede capturar al ahora diputado con licencia Sa\u00fal Beltr\u00e1n Orozco, por el delito de homicidio calificado &nbsp; &nbsp; En votaci\u00f3n un\u00e1nime, el Pleno del Congreso de Guerrero&hellip; <\/p>\n","protected":false},"author":1,"featured_media":0,"comment_status":"open","ping_status":"open","sticky":false,"template":"","format":"standard","meta":{"fifu_image_url":"","fifu_image_alt":"","footnotes":""},"categories":[2,8],"tags":[],"class_list":["post-3982","post","type-post","status-publish","format-standard","hentry","category-congreso","category-featured"],"_links":{"self":[{"href":"https:\/\/www.interaccionnoticias.com.mx\/index.php?rest_route=\/wp\/v2\/posts\/3982","targetHints":{"allow":["GET"]}}],"collection":[{"href":"https:\/\/www.interaccionnoticias.com.mx\/index.php?rest_route=\/wp\/v2\/posts"}],"about":[{"href":"https:\/\/www.interaccionnoticias.com.mx\/index.php?rest_route=\/wp\/v2\/types\/post"}],"author":[{"embeddable":true,"href":"https:\/\/www.interaccionnoticias.com.mx\/index.php?rest_route=\/wp\/v2\/users\/1"}],"replies":[{"embeddable":true,"href":"https:\/\/www.interaccionnoticias.com.mx\/index.php?rest_route=%2Fwp%2Fv2%2Fcomments&post=3982"}],"version-history":[{"count":0,"href":"https:\/\/www.interaccionnoticias.com.mx\/index.php?rest_route=\/wp\/v2\/posts\/3982\/revisions"}],"wp:attachment":[{"href":"https:\/\/www.interaccionnoticias.com.mx\/index.php?rest_route=%2Fwp%2Fv2%2Fmedia&parent=3982"}],"wp:term":[{"taxonomy":"category","embeddable":true,"href":"https:\/\/www.interaccionnoticias.com.mx\/index.php?rest_route=%2Fwp%2Fv2%2Fcategories&post=3982"},{"taxonomy":"post_tag","embeddable":true,"href":"https:\/\/www.interaccionnoticias.com.mx\/index.php?rest_route=%2Fwp%2Fv2%2Ftags&post=3982"}],"curies":[{"name":"wp","href":"https:\/\/api.w.org\/{rel}","templated":true}]}}