{"id":39775,"date":"2021-12-28T23:28:14","date_gmt":"2021-12-29T05:28:14","guid":{"rendered":"https:\/\/interaccionnoticias.com.mx\/?p=39775"},"modified":"2021-12-28T23:28:18","modified_gmt":"2021-12-29T05:28:18","slug":"la-nueva-fiscal-de-guerrero-cumple-con-la-constitucion-del-estado","status":"publish","type":"post","link":"https:\/\/www.interaccionnoticias.com.mx\/?p=39775","title":{"rendered":"La nueva fiscal de Guerrero, cumple con la Constituci\u00f3n del Estado"},"content":{"rendered":"\n<p><strong>Por Dr. Trinidad Zamacona L\u00f3pez.<\/strong><\/p>\n\n\n\n<p>En una sesi\u00f3n sin precedentes en la vida parlamentaria del Estado de Guerrero, la LXIII legislatura local, decidi\u00f3 abstenerse de nombrar al Fiscal General del Estado, en un acto por dem\u00e1s apartado de todo inter\u00e9s pol\u00edtico decidi\u00f3 hacer el contra peso a la terna que envi\u00f3 la Gobernadora Evelyn Salgado Pineda, y en votaci\u00f3n directa en urna transparente se emitieron los votos, cuyos resultados son conocidos por todos, Anacleta L\u00f3pez Vega, 12 votos, Ludwig Marcial Reynoso N\u00fa\u00f1ez, 7 votos, Jos\u00e9 Luis Gallegos Peralta 9 votos, y 17 votos nulos lo que dio el total de 45 sufragios emitidos el d\u00eda 23 de diciembre de este a\u00f1o que le faltan &nbsp;pocos d\u00edas para concluir.<\/p>\n\n\n\n<p>Era un hecho notorio de que la mandataria se enter\u00f3 lo que opinaba la sociedad guerrerense con respecto a los enviados en la terna al Congreso del Estado, y recibi\u00f3 las cr\u00edticas con mucha madurez pol\u00edtica de que no se quer\u00eda un \u201cfiscal carnal\u201d ni mucho menos a alguien que tuviera la bendici\u00f3n del \u201cdedo\u201d para ser el titular de tan noble instituci\u00f3n, estudi\u00f3 los expedientes y remiti\u00f3 la terna para su respectiva evaluaci\u00f3n, cumpli\u00f3 con lo que le mandata la Constituci\u00f3n Pol\u00edtica del Estado en su art\u00edculo 142.<\/p>\n\n\n\n<p>Los tres con experiencia en los cargos p\u00fablicos, uno m\u00e1s otro menos, pero lo que se quer\u00eda era que el Congreso los escuchara, y as\u00ed fue, en ese sentido se cumpli\u00f3 por la C\u00e1mara de Diputados con el requisito procesal legislativo, de que se votara de manera libre la designaci\u00f3n o no designaci\u00f3n del fiscal, evento que culmin\u00f3 con el recuento de los votos, esta parte fue responsabilidad del parlamento guerrerense no de la mandataria del Estado, los legisladores cumplieron constitucionalmente con su funci\u00f3n, decidieron no elegir al fiscal y anular sus votos, sus razones las tendr\u00e1n, y ser\u00e1 la historia quien los juzgar\u00e1 de no asumir dicha responsabilidad legislativa y investir al Fiscal del Estado.<\/p>\n\n\n\n<p>Como nadie alcanz\u00f3 las dos terceras partes, es decir 31 votos, (mayor\u00eda calificada) la C\u00e1mara de Diputados a trav\u00e9s de su presidenta en turno de la mesa directiva tuvo que comunicar a la mandataria Salgado Pineda, de que nadie de la terna que envi\u00f3 al Congreso alcanz\u00f3 los 31 votos que se necesitan para ser designado Fiscal de Guerrero, por lo que ahora la Gobernadora en uso de sus facultades constitucionales podr\u00e1 nombrar libremente y con independencia de jurisdicci\u00f3n a la que ser\u00e1 la fiscal general del Estado.<\/p>\n\n\n\n<p>En ese sentido en uso de las facultades que le otorga el ar\u00e1bigo 142 de la Constituci\u00f3n Pol\u00edtica del Estado Libre y Soberano de Guerrero, la mandataria estatal comunic\u00f3 al Congreso del Estado que realiz\u00f3 la designaci\u00f3n de la Teniente Coronel Licenciada en Justicia Militar Sandra Luz Valdovinos Salmer\u00f3n, como Fiscal General del Estado de Guerrero, por lo que no exist\u00eda impedimento alguno en que la soberan\u00eda popular le tomar\u00e1 la protesta correspondiente en el sal\u00f3n de sesiones del recinto parlamentario, responsabilidad compartida.<\/p>\n\n\n\n<p>La designada Valdovinos Salmer\u00f3n, cumple tambi\u00e9n con lo que establece la Constituci\u00f3n local, ya que se inscribi\u00f3 para ser fiscal del Estado, iba en la lista que dio a conocer el Congreso a trav\u00e9s de las redes sociales, pero adem\u00e1s tambi\u00e9n estaba enlistada en los que envi\u00f3 el Congreso a la Gobernadora, por lo que no se trastoca ninguna norma interna del Estado en su designaci\u00f3n.<\/p>\n\n\n\n<p>Por lo anterior \u201cni fiscal carnal\u201d ni fiscal por \u201cdedazo\u201d en la entidad, la Gobernadora valor\u00f3 a una persona que tiene su curr\u00edculum limpio para ser la titular de la dependencia que se encarga de perseguir a quienes cometen il\u00edcitos en la entidad, adem\u00e1s de que cumple con la ley org\u00e1nica n\u00famero 500 de la Fiscal\u00eda General del Estado, ya que esta norma remite el proceso as\u00ed como el nombramiento al art\u00edculo 142 que la mandataria le dio cabal cumplimiento.<\/p>\n\n\n\n<p>La Teniente Coronel Licenciada en Justicia Militar Sandra Luz Valdovinos Salmer\u00f3n tom\u00f3 protesta ante el pleno del Congreso del Estado tal como se ten\u00eda previsto desde la ma\u00f1ana del d\u00eda 28 de diciembre, y tiene pleno conocimiento de la responsabilidad que asume en el Estado, ahora le toca no defraudar la confianza de la mandataria estatal y dar los resultados esperados.<\/p>\n","protected":false},"excerpt":{"rendered":"<p>Por Dr. Trinidad Zamacona L\u00f3pez. En una sesi\u00f3n sin precedentes en la vida parlamentaria del Estado de Guerrero, la LXIII legislatura local, decidi\u00f3 abstenerse de nombrar al Fiscal General del&hellip; <\/p>\n","protected":false},"author":24,"featured_media":39128,"comment_status":"open","ping_status":"open","sticky":false,"template":"","format":"standard","meta":{"fifu_image_url":"","fifu_image_alt":"","footnotes":""},"categories":[16],"tags":[],"class_list":["post-39775","post","type-post","status-publish","format-standard","has-post-thumbnail","hentry","category-opinion"],"_links":{"self":[{"href":"https:\/\/www.interaccionnoticias.com.mx\/index.php?rest_route=\/wp\/v2\/posts\/39775","targetHints":{"allow":["GET"]}}],"collection":[{"href":"https:\/\/www.interaccionnoticias.com.mx\/index.php?rest_route=\/wp\/v2\/posts"}],"about":[{"href":"https:\/\/www.interaccionnoticias.com.mx\/index.php?rest_route=\/wp\/v2\/types\/post"}],"author":[{"embeddable":true,"href":"https:\/\/www.interaccionnoticias.com.mx\/index.php?rest_route=\/wp\/v2\/users\/24"}],"replies":[{"embeddable":true,"href":"https:\/\/www.interaccionnoticias.com.mx\/index.php?rest_route=%2Fwp%2Fv2%2Fcomments&post=39775"}],"version-history":[{"count":1,"href":"https:\/\/www.interaccionnoticias.com.mx\/index.php?rest_route=\/wp\/v2\/posts\/39775\/revisions"}],"predecessor-version":[{"id":39776,"href":"https:\/\/www.interaccionnoticias.com.mx\/index.php?rest_route=\/wp\/v2\/posts\/39775\/revisions\/39776"}],"wp:featuredmedia":[{"embeddable":true,"href":"https:\/\/www.interaccionnoticias.com.mx\/index.php?rest_route=\/wp\/v2\/media\/39128"}],"wp:attachment":[{"href":"https:\/\/www.interaccionnoticias.com.mx\/index.php?rest_route=%2Fwp%2Fv2%2Fmedia&parent=39775"}],"wp:term":[{"taxonomy":"category","embeddable":true,"href":"https:\/\/www.interaccionnoticias.com.mx\/index.php?rest_route=%2Fwp%2Fv2%2Fcategories&post=39775"},{"taxonomy":"post_tag","embeddable":true,"href":"https:\/\/www.interaccionnoticias.com.mx\/index.php?rest_route=%2Fwp%2Fv2%2Ftags&post=39775"}],"curies":[{"name":"wp","href":"https:\/\/api.w.org\/{rel}","templated":true}]}}