{"id":39768,"date":"2021-12-28T20:06:18","date_gmt":"2021-12-29T02:06:18","guid":{"rendered":"https:\/\/interaccionnoticias.com.mx\/?p=39768"},"modified":"2021-12-28T20:07:15","modified_gmt":"2021-12-29T02:07:15","slug":"dialoga-saul-lopez-sollano-con-fuerza-guerrerense-campesina-obrera-y-popular-sobre-el-presupuesto-para-el-campo","status":"publish","type":"post","link":"https:\/\/www.interaccionnoticias.com.mx\/?p=39768","title":{"rendered":"Dialoga Sa\u00fal L\u00f3pez Sollano con Fuerza Guerrerense Campesina, Obrera y Popular sobre el presupuesto para el campo"},"content":{"rendered":"\n<p><strong><em>&#8211; Impulsar el campo es sin\u00f3nimo de dignidad para una lucha hist\u00f3rica, asegura<\/em><\/strong><\/p>\n\n\n\n<p><strong>Chilpancingo, Gro; a 28 de diciembre de 2021.-<\/strong> Con la finalidad de dialogar temas en relaci\u00f3n al presupuesto para el campo, el secretario General de Gobierno, Sa\u00fal L\u00f3pez Sollano atendi\u00f3 en audiencia a integrantes de Fuerza Guerrerense Campesina, Obrera y Popular.<\/p>\n\n\n\n<p>En la Sala Emperador Cuauht\u00e9moc, el encargado de la pol\u00edtica interna estatal escuch\u00f3 los planteamientos de cada uno de los representantes, quienes manifestaron su inconformidad con el presupuesto destinado para el campo, pues afirman que el desarrollo del mismo requiere una mayor inversi\u00f3n.<\/p>\n\n\n\n<p>Durante la reuni\u00f3n se reconoci\u00f3 el trabajo e inter\u00e9s del Presidente Andr\u00e9s Manuel L\u00f3pez Obrador y la Gobernadora Evelyn Salgado Pineda, para que la 4T llegue a todos los sectores de la sociedad.<\/p>\n\n\n\n<p>L\u00f3pez Sollano argument\u00f3 que impulsar el campo es sin\u00f3nimo de dignidad para una lucha hist\u00f3rica que se mantiene firme en nuestro estado y la Rep\u00fablica Mexicana, por lo que se comprometi\u00f3 a llevar sus demandas a la responsable del poder ejecutivo.<\/p>\n\n\n\n<p>A la reuni\u00f3n acudi\u00f3 el subsecretario para Asuntos Agrarios, Daniel Cahua L\u00f3pez; el subsecretario de Ganader\u00eda y Pesca de la SAGADEGRO, Salvador Mojica Morga; el Director General de Gesti\u00f3n Agraria, Fredis Reyes Solis y el Director General de Apoyos para el Desarrollo Rural, Axel L\u00f3pez Serna.<\/p>\n","protected":false},"excerpt":{"rendered":"<p>&#8211; Impulsar el campo es sin\u00f3nimo de dignidad para una lucha hist\u00f3rica, asegura Chilpancingo, Gro; a 28 de diciembre de 2021.- Con la finalidad de dialogar temas en relaci\u00f3n al&hellip; <\/p>\n","protected":false},"author":19,"featured_media":39769,"comment_status":"open","ping_status":"open","sticky":false,"template":"","format":"standard","meta":{"fifu_image_url":"","fifu_image_alt":"","footnotes":""},"categories":[11],"tags":[],"class_list":["post-39768","post","type-post","status-publish","format-standard","has-post-thumbnail","hentry","category-guerrero"],"_links":{"self":[{"href":"https:\/\/www.interaccionnoticias.com.mx\/index.php?rest_route=\/wp\/v2\/posts\/39768","targetHints":{"allow":["GET"]}}],"collection":[{"href":"https:\/\/www.interaccionnoticias.com.mx\/index.php?rest_route=\/wp\/v2\/posts"}],"about":[{"href":"https:\/\/www.interaccionnoticias.com.mx\/index.php?rest_route=\/wp\/v2\/types\/post"}],"author":[{"embeddable":true,"href":"https:\/\/www.interaccionnoticias.com.mx\/index.php?rest_route=\/wp\/v2\/users\/19"}],"replies":[{"embeddable":true,"href":"https:\/\/www.interaccionnoticias.com.mx\/index.php?rest_route=%2Fwp%2Fv2%2Fcomments&post=39768"}],"version-history":[{"count":1,"href":"https:\/\/www.interaccionnoticias.com.mx\/index.php?rest_route=\/wp\/v2\/posts\/39768\/revisions"}],"predecessor-version":[{"id":39770,"href":"https:\/\/www.interaccionnoticias.com.mx\/index.php?rest_route=\/wp\/v2\/posts\/39768\/revisions\/39770"}],"wp:featuredmedia":[{"embeddable":true,"href":"https:\/\/www.interaccionnoticias.com.mx\/index.php?rest_route=\/wp\/v2\/media\/39769"}],"wp:attachment":[{"href":"https:\/\/www.interaccionnoticias.com.mx\/index.php?rest_route=%2Fwp%2Fv2%2Fmedia&parent=39768"}],"wp:term":[{"taxonomy":"category","embeddable":true,"href":"https:\/\/www.interaccionnoticias.com.mx\/index.php?rest_route=%2Fwp%2Fv2%2Fcategories&post=39768"},{"taxonomy":"post_tag","embeddable":true,"href":"https:\/\/www.interaccionnoticias.com.mx\/index.php?rest_route=%2Fwp%2Fv2%2Ftags&post=39768"}],"curies":[{"name":"wp","href":"https:\/\/api.w.org\/{rel}","templated":true}]}}