{"id":39745,"date":"2021-12-28T17:56:57","date_gmt":"2021-12-28T23:56:57","guid":{"rendered":"https:\/\/interaccionnoticias.com.mx\/?p=39745"},"modified":"2021-12-28T17:58:44","modified_gmt":"2021-12-28T23:58:44","slug":"renuncia-del-encargado-de-la-ase-entrara-en-vigor-hasta-el-16-de-enero","status":"publish","type":"post","link":"https:\/\/www.interaccionnoticias.com.mx\/?p=39745","title":{"rendered":"Renuncia del encargado de la ASE entrar\u00e1 en vigor hasta el 16 de enero"},"content":{"rendered":"\n<p><strong><em>&#8211; El presidente del Congreso, Alfredo S\u00e1nchez Esquivel asegura que el \u00f3rgano de fiscalizaci\u00f3n est\u00e1 desarticulado<\/em><\/strong><\/p>\n\n\n\n<p><strong>Rogelio Agust\u00edn<\/strong><\/p>\n\n\n\n<p>Aunque el presidente de la Junta de Coordinaci\u00f3n Pol\u00edtica (Jucopo) del Congreso local, Alfredo S\u00e1nchez Esquivel asegura que la Auditor\u00eda Superior del Estado (ASE) se encuentra desmantelada, la renuncia del encargado de despacho, Luis Javier Gonz\u00e1lez Guerrero entrar\u00e1 en vigor hasta el 16 de enero.<br><br>La jornada del jueves 23 de diciembre, la sesi\u00f3n que estaba programada para desahogar el nombramiento del nuevo titular de la Fiscal\u00eda General del Estado (FGE), se prolong\u00f3 a partir de que el presidente de la Jucopo pretendi\u00f3 incorporar a la lista de asuntos, el nombramiento del titular de la Auditor\u00eda Superior, que se encuentra vacante desde el 25 de julio.<br><br>Ante el reclamo del coordinador de los diputados locales del PRI, H\u00e9ctor Apreza Patr\u00f3n, quien se\u00f1al\u00f3 que la pretensi\u00f3n del tambi\u00e9n coordinador de la bancada de Morena resultaba ilegal, el presidente de la Jucopo reconoci\u00f3 la versi\u00f3n, aunque justific\u00f3 el intento bajo el argumento de que ya urge que la Auditor\u00eda Superio cuente con un titular debidamente nombrado.<br><br>S\u00e1nchez Esquivel, sostiene que la ASE actualmente se encuentra desarticulada, pues el encargado de despacho ya present\u00f3 su renuncia y tambi\u00e9n los dem\u00e1s auditores especiales, de tal suerte que no hay en estos momentos quien desahogue el trabajo de revisar las cuentas p\u00fablicas.<br><br>De acuerdo con la informaci\u00f3n confirmada, el pasado 17 de diciembre, el encargado de la ASE, Luis Javier Gonz\u00e1lez Guerrero present\u00f3 su renuncia al cargo de auditor especial, con car\u00e1cter irrevocable, argumentando las razones en motivos de salud y asuntos personales.<br><br>Sin embargo, Gonz\u00e1lez Guerrero solicita que la renuncia se haga efectiva hasta el 16 de enero de 2022, de tal manera que el \u00f3rgano fiscalizador del estado todav\u00eda cuenta con un encargado de despacho.<br><br>El anterior titular de la ASE, Alfonso Dami\u00e1n Peralta dej\u00f3 el cargo desde la jornada del 25 de julio pasado, cuando venci\u00f3 el periodo para el que fue designado por el Pleno del Congreso.<\/p>\n","protected":false},"excerpt":{"rendered":"<p>&#8211; El presidente del Congreso, Alfredo S\u00e1nchez Esquivel asegura que el \u00f3rgano de fiscalizaci\u00f3n est\u00e1 desarticulado Rogelio Agust\u00edn Aunque el presidente de la Junta de Coordinaci\u00f3n Pol\u00edtica (Jucopo) del Congreso&hellip; <\/p>\n","protected":false},"author":21,"featured_media":39747,"comment_status":"open","ping_status":"open","sticky":false,"template":"","format":"standard","meta":{"fifu_image_url":"","fifu_image_alt":"","footnotes":""},"categories":[2],"tags":[],"class_list":["post-39745","post","type-post","status-publish","format-standard","has-post-thumbnail","hentry","category-congreso"],"_links":{"self":[{"href":"https:\/\/www.interaccionnoticias.com.mx\/index.php?rest_route=\/wp\/v2\/posts\/39745","targetHints":{"allow":["GET"]}}],"collection":[{"href":"https:\/\/www.interaccionnoticias.com.mx\/index.php?rest_route=\/wp\/v2\/posts"}],"about":[{"href":"https:\/\/www.interaccionnoticias.com.mx\/index.php?rest_route=\/wp\/v2\/types\/post"}],"author":[{"embeddable":true,"href":"https:\/\/www.interaccionnoticias.com.mx\/index.php?rest_route=\/wp\/v2\/users\/21"}],"replies":[{"embeddable":true,"href":"https:\/\/www.interaccionnoticias.com.mx\/index.php?rest_route=%2Fwp%2Fv2%2Fcomments&post=39745"}],"version-history":[{"count":1,"href":"https:\/\/www.interaccionnoticias.com.mx\/index.php?rest_route=\/wp\/v2\/posts\/39745\/revisions"}],"predecessor-version":[{"id":39746,"href":"https:\/\/www.interaccionnoticias.com.mx\/index.php?rest_route=\/wp\/v2\/posts\/39745\/revisions\/39746"}],"wp:featuredmedia":[{"embeddable":true,"href":"https:\/\/www.interaccionnoticias.com.mx\/index.php?rest_route=\/wp\/v2\/media\/39747"}],"wp:attachment":[{"href":"https:\/\/www.interaccionnoticias.com.mx\/index.php?rest_route=%2Fwp%2Fv2%2Fmedia&parent=39745"}],"wp:term":[{"taxonomy":"category","embeddable":true,"href":"https:\/\/www.interaccionnoticias.com.mx\/index.php?rest_route=%2Fwp%2Fv2%2Fcategories&post=39745"},{"taxonomy":"post_tag","embeddable":true,"href":"https:\/\/www.interaccionnoticias.com.mx\/index.php?rest_route=%2Fwp%2Fv2%2Ftags&post=39745"}],"curies":[{"name":"wp","href":"https:\/\/api.w.org\/{rel}","templated":true}]}}