{"id":39742,"date":"2021-12-28T17:29:46","date_gmt":"2021-12-28T23:29:46","guid":{"rendered":"https:\/\/interaccionnoticias.com.mx\/?p=39742"},"modified":"2021-12-28T17:29:51","modified_gmt":"2021-12-28T23:29:51","slug":"tlachinollan-mala-senal-la-designacion-de-una-fiscal-con-formacion-militar","status":"publish","type":"post","link":"https:\/\/www.interaccionnoticias.com.mx\/?p=39742","title":{"rendered":"Tlachinollan: \u201cMala se\u00f1al, la designaci\u00f3n de una fiscal con formaci\u00f3n militar\u201d"},"content":{"rendered":"\n<p><strong><em><strong><em>&#8211; Militarizar los mandos en la FGE debilita a la instituci\u00f3n, asegura el antrop\u00f3logo Abel Barrera Hern\u00e1ndez\u00a0 \u00a0 \u00a0<\/em><\/strong><\/em><\/strong><\/p>\n\n\n\n<p><strong>Rogelio Agust\u00edn<\/strong><\/p>\n\n\n\n<p>El director del Centro de Derechos Humanos de la Monta\u00f1a (CDHM), Abel Barrera Hern\u00e1ndez calific\u00f3 como una \u201cmala se\u00f1al\u201d la designaci\u00f3n de la teniente coronel Sandra Luz Valdovinos Salmer\u00f3n como titular de la Fiscal\u00eda General del Estado (FGE), si se toma en cuenta que Guerrero es un estado hist\u00f3ricamente agraviado por las fuerzas castrenses.<\/p>\n\n\n\n<p>V\u00eda telef\u00f3nica, Barrera Hern\u00e1ndez coment\u00f3 que al seno de las organizaciones sociales existe mucha preocupaci\u00f3n por la informaci\u00f3n que fue confirmada por la presidenta de la Mesa Directiva del Congreso local, Flor A\u00f1orve Ocampo, en el sentido de que la gobernadora Evelyn Salgado Pineda ya hab\u00eda notificado la designaci\u00f3n de la nueva titular de la FGE.<\/p>\n\n\n\n<p>\u201cla verdad estamos muy preocupados porque se est\u00e1 impulsando la militarizaci\u00f3n de las instancias propias, donde tiene que haber un representante de la sociedad civil\u201d, anot\u00f3.<\/p>\n\n\n\n<p>Dijo que lo que se observa, es una tendencia a militarizar las \u00e1reas encargadas de la atenci\u00f3n al tema de la seguridad p\u00fablica y la procuraci\u00f3n de justicia.<\/p>\n\n\n\n<p>Record\u00f3 que en la Secretar\u00eda de Seguridad P\u00fablica (SSP) ya est\u00e1 al frente un mando de la Marina Armada, en tanto que ahora se designa en la FGE a un mando de la Secretar\u00eda de la Defensa Nacional (Sedena).<\/p>\n\n\n\n<p>Si bien reconoce que hay \u201cun buen detalle\u201d en el hecho de nombrar a una mujer, lo que no se puede dejar de observar, es la formaci\u00f3n de la nueva fiscal en las filas del Ej\u00e9rcito Mexicano.<\/p>\n\n\n\n<p>\u201cPreocupa, porque en Guerrero las v\u00edctimas han sido familias, muchas de ellas completas que han padecido los estragos de la militarizaci\u00f3n en d\u00e9cadas pasadas\u201d, se\u00f1al\u00f3.<\/p>\n\n\n\n<p>Consider\u00f3 importante recordar el cap\u00edtulo representado por la Guerra Sucia de los a\u00f1os setentas, que dej\u00f3 un saldo de m\u00e1s de 600 personas desaparecidas, as\u00ed como un n\u00famero no determinado de asesinados, encarcelados y v\u00edctimas de tortura.&nbsp;&nbsp;<\/p>\n\n\n\n<p>Entre otros casos, record\u00f3 la masacre de los 11 ind\u00edgenas mixtecos en la comunidad de El Charco, el 7 de junio de 1997, en el municipio de Ayutla de los Libres, incluso, la masacre de la alameda Granados Maldonado, el 30 de diciembre de 1960, en Chilpancingo.<\/p>\n\n\n\n<p>Consider\u00f3 que depositar la FGE en manos de un perfil militar, dif\u00edcilmente generar\u00e1 confianza en la sociedad, menos en las familias de las v\u00edctimas y por esa raz\u00f3n es que perciben en el nombramiento una muy \u201cmala se\u00f1al\u201d.<\/p>\n\n\n\n<p>Para Barrera Hern\u00e1ndez, la tendencia hacia la militarizaci\u00f3n en el tema de la seguridad p\u00fablica y la procuraci\u00f3n de justicia, representa una gran contradicci\u00f3n por parte del r\u00e9gimen que reivindica la Cuarta Transformaci\u00f3n del pa\u00eds, pues en su momento recibieron un fuerte respaldo de las organizaciones sociales.<\/p>\n\n\n\n<p>\u201cA nivel nacional, vemos como el presidente de la Rep\u00fablica, Andr\u00e9s Manuel L\u00f3pez Obrador ha confiado plenamente en el Ej\u00e9rcito, cuando les ha otorgado m\u00e1s facultades de las que hab\u00edan tenido con otras administraciones pasadas, como el hecho de que incluso le haga encargos como si fuera una empresa constructora y le deje grandes proyectos nacional, incluso el cuidado de las fronteras y dem\u00e1s puntos estrat\u00e9gicos\u201d, anot\u00f3.<\/p>\n\n\n\n<p>Para el director del CDHM, Tlachinollan, no se debe supeditar el poder civil al militar, ya que eso debilita las instituciones democr\u00e1ticas, las cuales deben de estar centradas en la promoci\u00f3n y defensa de los derechos humanos.<\/p>\n","protected":false},"excerpt":{"rendered":"<p>&#8211; Militarizar los mandos en la FGE debilita a la instituci\u00f3n, asegura el antrop\u00f3logo Abel Barrera Hern\u00e1ndez\u00a0 \u00a0 \u00a0 Rogelio Agust\u00edn El director del Centro de Derechos Humanos de la&hellip; <\/p>\n","protected":false},"author":21,"featured_media":39743,"comment_status":"open","ping_status":"open","sticky":false,"template":"","format":"standard","meta":{"fifu_image_url":"","fifu_image_alt":"","footnotes":""},"categories":[29],"tags":[],"class_list":["post-39742","post","type-post","status-publish","format-standard","has-post-thumbnail","hentry","category-sociedad"],"_links":{"self":[{"href":"https:\/\/www.interaccionnoticias.com.mx\/index.php?rest_route=\/wp\/v2\/posts\/39742","targetHints":{"allow":["GET"]}}],"collection":[{"href":"https:\/\/www.interaccionnoticias.com.mx\/index.php?rest_route=\/wp\/v2\/posts"}],"about":[{"href":"https:\/\/www.interaccionnoticias.com.mx\/index.php?rest_route=\/wp\/v2\/types\/post"}],"author":[{"embeddable":true,"href":"https:\/\/www.interaccionnoticias.com.mx\/index.php?rest_route=\/wp\/v2\/users\/21"}],"replies":[{"embeddable":true,"href":"https:\/\/www.interaccionnoticias.com.mx\/index.php?rest_route=%2Fwp%2Fv2%2Fcomments&post=39742"}],"version-history":[{"count":1,"href":"https:\/\/www.interaccionnoticias.com.mx\/index.php?rest_route=\/wp\/v2\/posts\/39742\/revisions"}],"predecessor-version":[{"id":39744,"href":"https:\/\/www.interaccionnoticias.com.mx\/index.php?rest_route=\/wp\/v2\/posts\/39742\/revisions\/39744"}],"wp:featuredmedia":[{"embeddable":true,"href":"https:\/\/www.interaccionnoticias.com.mx\/index.php?rest_route=\/wp\/v2\/media\/39743"}],"wp:attachment":[{"href":"https:\/\/www.interaccionnoticias.com.mx\/index.php?rest_route=%2Fwp%2Fv2%2Fmedia&parent=39742"}],"wp:term":[{"taxonomy":"category","embeddable":true,"href":"https:\/\/www.interaccionnoticias.com.mx\/index.php?rest_route=%2Fwp%2Fv2%2Fcategories&post=39742"},{"taxonomy":"post_tag","embeddable":true,"href":"https:\/\/www.interaccionnoticias.com.mx\/index.php?rest_route=%2Fwp%2Fv2%2Ftags&post=39742"}],"curies":[{"name":"wp","href":"https:\/\/api.w.org\/{rel}","templated":true}]}}