{"id":3974,"date":"2017-05-03T19:24:51","date_gmt":"2017-05-04T00:24:51","guid":{"rendered":"http:\/\/www.inter-accion.com.mx\/?p=3974"},"modified":"2017-05-03T19:24:51","modified_gmt":"2017-05-04T00:24:51","slug":"alcalde-de-chilpancingo-dispuesto-a-colaborar-con-la-investigacion-sobre-el-caso-saldivar","status":"publish","type":"post","link":"https:\/\/www.interaccionnoticias.com.mx\/?p=3974","title":{"rendered":"Alcalde de Chilpancingo, dispuesto a colaborar con la investigaci\u00f3n sobre el caso Sald\u00edvar"},"content":{"rendered":"<p>El alcalde de Chilpancingo, Marco Antonio Leyva Mena manifest\u00f3 su disposici\u00f3n a comparecer ante la Fiscal\u00eda General del Estado (FGE) por el asesinato del secretario general del PRD, Demetrio Sald\u00edvar G\u00f3mez.<br \/>\nLeyva Mena record\u00f3 que la semana pasada, el coordinador del Programa de Fortalecimiento para la Seguridad P\u00fablica (Fortaseg), Efra\u00edn Z\u00fa\u00f1iga Cort\u00e9s fue declarado en dos momentos por la Fiscal\u00eda General del Estado (FGE), por lo que est\u00e1 pendiente de que se pida alg\u00fan otro tipo de coadyuvancia.<br \/>\nIndic\u00f3 que si en alg\u00fan momento las autoridades consideran que \u00e9l como alcalde est\u00e1 en la posibilidad de aportar a alg\u00fan material; ll\u00e1mese acta o grabaci\u00f3n, est\u00e1 en la disposici\u00f3n de asistir ante la instancia correspondiente.<br \/>\n\u201cSi se\u00f1alan que el cabildo tambi\u00e9n, por medio de los regidores tienen que aportar, yo lo he platicado con ellos y no hay ning\u00fan problema\u201d, destac\u00f3.<br \/>\nSin embargo, destac\u00f3 que por las ultimas aportaciones dadas a conocer por el titular de la FGE, ya existe una l\u00ednea de investigaci\u00f3n producto de las pesquisas que se realizaron con base a los elementos que se lograron reunir.<br \/>\nLa ma\u00f1ana del mi\u00e9rcoles 3 de mayo, el primer edil capitalino refiri\u00f3 que el fiscal Olea Pel\u00e1ez ten\u00eda entre cinco y seis d\u00edas sin comunicarse para hablar sobre&nbsp; el tema.<br \/>\nDe cualquier manera, dijo que est\u00e1 pendiente del curso que tomen las investigaciones.<br \/>\nIncluso, Marco Antonio Leyva Mena se\u00f1al\u00f3 que ya se autoriz\u00f3 que la plaza central Primer Congreso de An\u00e1huac sea utilizada por la dirigencia estatal del PRD, que la jornada del domingo 7 de mayo est\u00e1 convocando a lo que anticipan ser\u00e1 una mega marcha, en la que se tendr\u00e1 como \u00fanica demanda el esclarecimiento de los asesinatos cometidos en contra de sus militantes. &nbsp;&nbsp;&nbsp;&nbsp;&nbsp;&nbsp;&nbsp;&nbsp;&nbsp;&nbsp;&nbsp;<\/p>\n","protected":false},"excerpt":{"rendered":"<p>El alcalde de Chilpancingo, Marco Antonio Leyva Mena manifest\u00f3 su disposici\u00f3n a comparecer ante la Fiscal\u00eda General del Estado (FGE) por el asesinato del secretario general del PRD, Demetrio Sald\u00edvar&hellip; <\/p>\n","protected":false},"author":1,"featured_media":0,"comment_status":"open","ping_status":"open","sticky":false,"template":"","format":"standard","meta":{"fifu_image_url":"","fifu_image_alt":"","footnotes":""},"categories":[13,8],"tags":[],"class_list":["post-3974","post","type-post","status-publish","format-standard","hentry","category-capital","category-featured"],"_links":{"self":[{"href":"https:\/\/www.interaccionnoticias.com.mx\/index.php?rest_route=\/wp\/v2\/posts\/3974","targetHints":{"allow":["GET"]}}],"collection":[{"href":"https:\/\/www.interaccionnoticias.com.mx\/index.php?rest_route=\/wp\/v2\/posts"}],"about":[{"href":"https:\/\/www.interaccionnoticias.com.mx\/index.php?rest_route=\/wp\/v2\/types\/post"}],"author":[{"embeddable":true,"href":"https:\/\/www.interaccionnoticias.com.mx\/index.php?rest_route=\/wp\/v2\/users\/1"}],"replies":[{"embeddable":true,"href":"https:\/\/www.interaccionnoticias.com.mx\/index.php?rest_route=%2Fwp%2Fv2%2Fcomments&post=3974"}],"version-history":[{"count":0,"href":"https:\/\/www.interaccionnoticias.com.mx\/index.php?rest_route=\/wp\/v2\/posts\/3974\/revisions"}],"wp:attachment":[{"href":"https:\/\/www.interaccionnoticias.com.mx\/index.php?rest_route=%2Fwp%2Fv2%2Fmedia&parent=3974"}],"wp:term":[{"taxonomy":"category","embeddable":true,"href":"https:\/\/www.interaccionnoticias.com.mx\/index.php?rest_route=%2Fwp%2Fv2%2Fcategories&post=3974"},{"taxonomy":"post_tag","embeddable":true,"href":"https:\/\/www.interaccionnoticias.com.mx\/index.php?rest_route=%2Fwp%2Fv2%2Ftags&post=3974"}],"curies":[{"name":"wp","href":"https:\/\/api.w.org\/{rel}","templated":true}]}}