{"id":39739,"date":"2021-12-28T17:23:46","date_gmt":"2021-12-28T23:23:46","guid":{"rendered":"https:\/\/interaccionnoticias.com.mx\/?p=39739"},"modified":"2021-12-28T17:23:51","modified_gmt":"2021-12-28T23:23:51","slug":"centro-morelos-exige-garantias-para-el-regreso-de-sus-representantes-a-guerrero","status":"publish","type":"post","link":"https:\/\/www.interaccionnoticias.com.mx\/?p=39739","title":{"rendered":"Centro Morelos exige garant\u00edas para el regreso de sus representantes a Guerrero"},"content":{"rendered":"\n<p><strong>&#8211; Llevan dos a\u00f1os desplazados de la entidad, tras acto de represi\u00f3n, en Chichihualco<\/strong><\/p>\n\n\n\n<p><strong>Rogelio Agust\u00edn<\/strong><\/p>\n\n\n\n<p>A dos a\u00f1os del desalojo que sufrieron en las inmediaciones de Chichihualco, representantes del Centro de Derechos Humanos Jos\u00e9 Mar\u00eda Morelos y Pav\u00f3n solicitaron al gobierno de Guerrero garant\u00edas para regresar a esta entidad federativa, pues se\u00f1ala que son v\u00edctimas de desplazamiento forzado.<\/p>\n\n\n\n<p>En un comunicado, Teodomira Rosales, vocera del Centro Morelos record\u00f3 que este martes 28 de diciembre, se cumplieron dos a\u00f1os de que las familias desplazadas de la sierra de Leonardo Bravo fueran desalojadas por la fuerza cuando realizaban un bloqueo para exigir que la Polic\u00eda del Estado le proporcionara seguridad a los pueblos que se encontraban en medio de la confrontaci\u00f3n que protagonizaban grupos de civiles armados.<\/p>\n\n\n\n<p>Esa noche, se se\u00f1ala que los desplazados y sus representantes fueron desalojados y perseguidos a golpes por personal de la Polic\u00eda del Estado al mando del ex titular de la Secretar\u00eda de Seguridad P\u00fablica (SSP), David Portillo Menhaca.<\/p>\n\n\n\n<p>Aunque de esos hechos fueron testigos elementos de la Guardia Nacional, Teodomira Rosales refiere que solo se limitaron a observar, sin hacer el m\u00ednimo intento por evitar el acto de represi\u00f3n.<\/p>\n\n\n\n<p>Los desplazados de Leonardo Bravo no son los \u00fanicos que se enfrentan a condiciones de desplazamiento forzado, pues se anota que hay m\u00e1s casos en los municipios de Atoyac de \u00c1lvarez; Coyuca de Ben\u00edtez, Tecpan de Galena, Petatl\u00e1n,&nbsp; &nbsp;&nbsp;Ayutla de los Libres, Coyuca de Catal\u00e1n, San Miguel Totolap\u00e1n, Eleodoro Castillo y Zitlala, entre otros.<\/p>\n\n\n\n<p>Refiere tambi\u00e9n que&nbsp;&nbsp;hay reporteros que por cubrir estos hechos han tenido que desplazarse, pues han sido objeto de presi\u00f3n por los grupos de inter\u00e9s que han perjudicado a los pueblos.<\/p>\n\n\n\n<p>Los hechos del 28 de diciembre de 2019 son graves, porque de acuerdo con Teodomira Rosales Sierra, despu\u00e9s de la represi\u00f3n se generaron una serie de amenazas que obligaron a los representantes del organismo no gubernamental a dejar el estado de Guerrero, sin que hasta el momento perciban que haya condiciones ni garant\u00edas para retornar.<\/p>\n\n\n\n<p>\u201cLa verdad, dudamos que la gobernadora Evelyn Salgado Pineda pueda tan solo con los casos de Periodistas, Defensoras y Defensores de Derechos Humanos en Riesgo y en situaci\u00f3n de desplazamiento\u201d, se\u00f1ala el comunicado firmado por Teodomira Rosales.<\/p>\n","protected":false},"excerpt":{"rendered":"<p>&#8211; Llevan dos a\u00f1os desplazados de la entidad, tras acto de represi\u00f3n, en Chichihualco Rogelio Agust\u00edn A dos a\u00f1os del desalojo que sufrieron en las inmediaciones de Chichihualco, representantes del&hellip; <\/p>\n","protected":false},"author":21,"featured_media":39740,"comment_status":"open","ping_status":"open","sticky":false,"template":"","format":"standard","meta":{"fifu_image_url":"","fifu_image_alt":"","footnotes":""},"categories":[27],"tags":[],"class_list":["post-39739","post","type-post","status-publish","format-standard","has-post-thumbnail","hentry","category-seguridad-publica"],"_links":{"self":[{"href":"https:\/\/www.interaccionnoticias.com.mx\/index.php?rest_route=\/wp\/v2\/posts\/39739","targetHints":{"allow":["GET"]}}],"collection":[{"href":"https:\/\/www.interaccionnoticias.com.mx\/index.php?rest_route=\/wp\/v2\/posts"}],"about":[{"href":"https:\/\/www.interaccionnoticias.com.mx\/index.php?rest_route=\/wp\/v2\/types\/post"}],"author":[{"embeddable":true,"href":"https:\/\/www.interaccionnoticias.com.mx\/index.php?rest_route=\/wp\/v2\/users\/21"}],"replies":[{"embeddable":true,"href":"https:\/\/www.interaccionnoticias.com.mx\/index.php?rest_route=%2Fwp%2Fv2%2Fcomments&post=39739"}],"version-history":[{"count":1,"href":"https:\/\/www.interaccionnoticias.com.mx\/index.php?rest_route=\/wp\/v2\/posts\/39739\/revisions"}],"predecessor-version":[{"id":39741,"href":"https:\/\/www.interaccionnoticias.com.mx\/index.php?rest_route=\/wp\/v2\/posts\/39739\/revisions\/39741"}],"wp:featuredmedia":[{"embeddable":true,"href":"https:\/\/www.interaccionnoticias.com.mx\/index.php?rest_route=\/wp\/v2\/media\/39740"}],"wp:attachment":[{"href":"https:\/\/www.interaccionnoticias.com.mx\/index.php?rest_route=%2Fwp%2Fv2%2Fmedia&parent=39739"}],"wp:term":[{"taxonomy":"category","embeddable":true,"href":"https:\/\/www.interaccionnoticias.com.mx\/index.php?rest_route=%2Fwp%2Fv2%2Fcategories&post=39739"},{"taxonomy":"post_tag","embeddable":true,"href":"https:\/\/www.interaccionnoticias.com.mx\/index.php?rest_route=%2Fwp%2Fv2%2Ftags&post=39739"}],"curies":[{"name":"wp","href":"https:\/\/api.w.org\/{rel}","templated":true}]}}