{"id":39736,"date":"2021-12-28T11:50:36","date_gmt":"2021-12-28T17:50:36","guid":{"rendered":"https:\/\/interaccionnoticias.com.mx\/?p=39736"},"modified":"2021-12-28T11:50:41","modified_gmt":"2021-12-28T17:50:41","slug":"mesa-de-coordinacion-para-la-construccion-de-la-paz-atiende-incidencia-delictiva-en-guerrero","status":"publish","type":"post","link":"https:\/\/www.interaccionnoticias.com.mx\/?p=39736","title":{"rendered":"Mesa de Coordinaci\u00f3n para la Construcci\u00f3n de la Paz atiende incidencia delictiva en Guerrero."},"content":{"rendered":"\n<p><strong><em>&#8211; Eval\u00faan esquema de Seguridad por temporada vacacional y operativos en las siete regiones de la entidad<\/em><\/strong><\/p>\n\n\n\n<p><strong>Chilpancingo, Gro; 28 de diciembre de 2021.-<\/strong> Con la representaci\u00f3n de la Gobernadora del Estado, Evelyn Salgado Pineda; el Secretario de Gobierno, Sa\u00fal L\u00f3pez Sollano, encabez\u00f3 la reuni\u00f3n de la Mesa de Coordinaci\u00f3n para la Construcci\u00f3n de la Paz, donde se evaluaron los resultados de los operativos de Seguridad en lo que va de la temporada vacacional de invierno, as\u00ed como la atenci\u00f3n permanente en las siete regiones del Estado.\u00a0<\/p>\n\n\n\n<p>En la sesi\u00f3n virtual tambi\u00e9n se revisaron de manera puntual los hechos registrados en las \u00faltimas 24 horas en materia de Seguridad e incidencia delictiva.&nbsp;<\/p>\n\n\n\n<p>Los integrantes de la Mesa, acordaron mantener el trabajo coordinado entre las instituciones de SEDENA, Marina, Guardia Nacional, Seguridad P\u00fablica y Fiscal\u00eda General del Estado, como parte de las acciones relacionadas para atender y orientar a los turistas durante la presente temporada vacacional decembrina, con el prop\u00f3sito de brindar la seguridad a turistas&nbsp;&nbsp;y residentes&nbsp;<\/p>\n\n\n\n<p>Por otra parte, el Delegado Federal en Guerrero, Iv\u00e1n Hern\u00e1ndez D\u00edaz; se\u00f1al\u00f3 que se continua operando los puntos de vacunaci\u00f3n en el municipio de Acapulco, aplicando un total de 4 mil 830 vacunas, asi como dosis de reforzamiento a personas adultas mayores, jornada que concluye ma\u00f1ana mi\u00e9rcoles.<\/p>\n\n\n\n<p>A la reuni\u00f3n asistieron el Comandante de la Novena Regi\u00f3n Militar, Celestino \u00c1vila Astudillo; el Comandante de la Octava Regi\u00f3n Naval, Almirante Julio C\u00e9sar Pescina \u00c1vila; el Comisario de la Guardia Nacional, Lucio Vergara G\u00f3mez; el General de la 27 Zona Militar, Federico San Juan Rosales; el Subjefe de Estaci\u00f3n del Centro Nacional de Inteligencia Olegario Romero Cruz.&nbsp;<\/p>\n\n\n\n<p>As\u00ed como el Delegado de la Fiscal\u00eda General de la Rep\u00fablica, Fernando Garc\u00eda Fern\u00e1ndez; el Secretario de Seguridad P\u00fablica de Guerrero, Capit\u00e1n de Marina, Evelio M\u00e9ndez G\u00f3mez; el Vicefiscal de Investigaci\u00f3n, H\u00e9ctor Calleja Panigua; el Subsecretario de Desarrollo Pol\u00edtico y Social de la Secretar\u00eda General de Gobierno, Ludwing Marcial Reynoso; el Jefe de la Oficina del Ejecutivo Estatal, Jes\u00fas Eugenio Uri\u00f3stegui Garc\u00eda; el Secretario T\u00e9cnico de la Coordinaci\u00f3n, Hermes Teodoro Gonz\u00e1lez y el Director General de Comunicaci\u00f3n Social del Estado de Guerrero, Ren\u00e9 Posselt.<\/p>\n","protected":false},"excerpt":{"rendered":"<p>&#8211; Eval\u00faan esquema de Seguridad por temporada vacacional y operativos en las siete regiones de la entidad Chilpancingo, Gro; 28 de diciembre de 2021.- Con la representaci\u00f3n de la Gobernadora&hellip; <\/p>\n","protected":false},"author":19,"featured_media":39737,"comment_status":"open","ping_status":"open","sticky":false,"template":"","format":"standard","meta":{"fifu_image_url":"","fifu_image_alt":"","footnotes":""},"categories":[27],"tags":[],"class_list":["post-39736","post","type-post","status-publish","format-standard","has-post-thumbnail","hentry","category-seguridad-publica"],"_links":{"self":[{"href":"https:\/\/www.interaccionnoticias.com.mx\/index.php?rest_route=\/wp\/v2\/posts\/39736","targetHints":{"allow":["GET"]}}],"collection":[{"href":"https:\/\/www.interaccionnoticias.com.mx\/index.php?rest_route=\/wp\/v2\/posts"}],"about":[{"href":"https:\/\/www.interaccionnoticias.com.mx\/index.php?rest_route=\/wp\/v2\/types\/post"}],"author":[{"embeddable":true,"href":"https:\/\/www.interaccionnoticias.com.mx\/index.php?rest_route=\/wp\/v2\/users\/19"}],"replies":[{"embeddable":true,"href":"https:\/\/www.interaccionnoticias.com.mx\/index.php?rest_route=%2Fwp%2Fv2%2Fcomments&post=39736"}],"version-history":[{"count":1,"href":"https:\/\/www.interaccionnoticias.com.mx\/index.php?rest_route=\/wp\/v2\/posts\/39736\/revisions"}],"predecessor-version":[{"id":39738,"href":"https:\/\/www.interaccionnoticias.com.mx\/index.php?rest_route=\/wp\/v2\/posts\/39736\/revisions\/39738"}],"wp:featuredmedia":[{"embeddable":true,"href":"https:\/\/www.interaccionnoticias.com.mx\/index.php?rest_route=\/wp\/v2\/media\/39737"}],"wp:attachment":[{"href":"https:\/\/www.interaccionnoticias.com.mx\/index.php?rest_route=%2Fwp%2Fv2%2Fmedia&parent=39736"}],"wp:term":[{"taxonomy":"category","embeddable":true,"href":"https:\/\/www.interaccionnoticias.com.mx\/index.php?rest_route=%2Fwp%2Fv2%2Fcategories&post=39736"},{"taxonomy":"post_tag","embeddable":true,"href":"https:\/\/www.interaccionnoticias.com.mx\/index.php?rest_route=%2Fwp%2Fv2%2Ftags&post=39736"}],"curies":[{"name":"wp","href":"https:\/\/api.w.org\/{rel}","templated":true}]}}