{"id":39733,"date":"2021-12-28T11:30:54","date_gmt":"2021-12-28T17:30:54","guid":{"rendered":"https:\/\/interaccionnoticias.com.mx\/?p=39733"},"modified":"2021-12-28T11:30:59","modified_gmt":"2021-12-28T17:30:59","slug":"muere-por-atropellamiento-oficial-de-la-policia-del-estado-en-chilpancingo","status":"publish","type":"post","link":"https:\/\/www.interaccionnoticias.com.mx\/?p=39733","title":{"rendered":"Muere por atropellamiento, oficial de la Polic\u00eda del Estado en Chilpancingo"},"content":{"rendered":"\n<p><strong>&#8211; El conductor y el veh\u00edculo involucrados fueron asegurados<\/strong><\/p>\n\n\n\n<p><strong>Rogelio Agust\u00edn<\/strong><\/p>\n\n\n\n<p><strong>Chilpancingo, Guerrero, 27 de diciembre de 2021.-<\/strong> La Secretar\u00eda de Seguridad P\u00fablica del Estado inform\u00f3 el deceso de un elemento de la Polic\u00eda Estatal, quien fue v\u00edctima de atropellamiento la tarde del lunes, en la Autopista del Sol.<\/p>\n\n\n\n<p>De acuerdo con la SSP, el hecho ocurri\u00f3 sobre la Autopista del Sol, cuando el polic\u00eda se encontraba realizando recorridos de seguridad a la altura del Kil\u00f3metro 309, justo en el retorno al municipio de Chilpancingo.<\/p>\n\n\n\n<p>En ese lugar, el elemento de la Polic\u00eda del Estado fue impactado por un veh\u00edculo, cuyo conductor fue detenido y la unidad asegurada.<\/p>\n\n\n\n<p>Tanto el responsable del atropellamiento como el coche fueron puestos a disposici\u00f3n de las autoridades.<\/p>\n\n\n\n<p>Se inform\u00f3 que la Fiscal\u00eda General del Estado (FGE) ya realiza las investigaciones correspondientes, el Secretario de Seguridad P\u00fablica Estatal, Evelio M\u00e9ndez G\u00f3mez, orden\u00f3 que el \u00e1rea de Recursos Humanos y Trabajo Social de la dependencia le otorguen toda la atenci\u00f3n y apoyo a los familiares del oficial muerto.<\/p>\n","protected":false},"excerpt":{"rendered":"<p>&#8211; El conductor y el veh\u00edculo involucrados fueron asegurados Rogelio Agust\u00edn Chilpancingo, Guerrero, 27 de diciembre de 2021.- La Secretar\u00eda de Seguridad P\u00fablica del Estado inform\u00f3 el deceso de un&hellip; <\/p>\n","protected":false},"author":21,"featured_media":39734,"comment_status":"open","ping_status":"open","sticky":false,"template":"","format":"standard","meta":{"fifu_image_url":"","fifu_image_alt":"","footnotes":""},"categories":[27],"tags":[],"class_list":["post-39733","post","type-post","status-publish","format-standard","has-post-thumbnail","hentry","category-seguridad-publica"],"_links":{"self":[{"href":"https:\/\/www.interaccionnoticias.com.mx\/index.php?rest_route=\/wp\/v2\/posts\/39733","targetHints":{"allow":["GET"]}}],"collection":[{"href":"https:\/\/www.interaccionnoticias.com.mx\/index.php?rest_route=\/wp\/v2\/posts"}],"about":[{"href":"https:\/\/www.interaccionnoticias.com.mx\/index.php?rest_route=\/wp\/v2\/types\/post"}],"author":[{"embeddable":true,"href":"https:\/\/www.interaccionnoticias.com.mx\/index.php?rest_route=\/wp\/v2\/users\/21"}],"replies":[{"embeddable":true,"href":"https:\/\/www.interaccionnoticias.com.mx\/index.php?rest_route=%2Fwp%2Fv2%2Fcomments&post=39733"}],"version-history":[{"count":1,"href":"https:\/\/www.interaccionnoticias.com.mx\/index.php?rest_route=\/wp\/v2\/posts\/39733\/revisions"}],"predecessor-version":[{"id":39735,"href":"https:\/\/www.interaccionnoticias.com.mx\/index.php?rest_route=\/wp\/v2\/posts\/39733\/revisions\/39735"}],"wp:featuredmedia":[{"embeddable":true,"href":"https:\/\/www.interaccionnoticias.com.mx\/index.php?rest_route=\/wp\/v2\/media\/39734"}],"wp:attachment":[{"href":"https:\/\/www.interaccionnoticias.com.mx\/index.php?rest_route=%2Fwp%2Fv2%2Fmedia&parent=39733"}],"wp:term":[{"taxonomy":"category","embeddable":true,"href":"https:\/\/www.interaccionnoticias.com.mx\/index.php?rest_route=%2Fwp%2Fv2%2Fcategories&post=39733"},{"taxonomy":"post_tag","embeddable":true,"href":"https:\/\/www.interaccionnoticias.com.mx\/index.php?rest_route=%2Fwp%2Fv2%2Ftags&post=39733"}],"curies":[{"name":"wp","href":"https:\/\/api.w.org\/{rel}","templated":true}]}}