{"id":39689,"date":"2021-12-27T10:47:20","date_gmt":"2021-12-27T16:47:20","guid":{"rendered":"https:\/\/interaccionnoticias.com.mx\/?p=39689"},"modified":"2021-12-27T10:47:25","modified_gmt":"2021-12-27T16:47:25","slug":"bloquean-calles-para-exigir-agua","status":"publish","type":"post","link":"https:\/\/www.interaccionnoticias.com.mx\/?p=39689","title":{"rendered":"Bloquean calles para exigir agua&nbsp;"},"content":{"rendered":"\n<p><strong><em>&#8211; Hace tres meses que no reciben el suministro<\/em><\/strong>\u00a0<\/p>\n\n\n\n<p><strong>Dassaev T\u00e9llez<\/strong><\/p>\n\n\n\n<p>Vecinos del barrio de San Mateo, de las calles Canuto Neri, Belizario Dom\u00ednguez y Narciso Mendoza, cerraron sus v\u00edas de comunicaci\u00f3n para exigir agua potable.<\/p>\n\n\n\n<p>De acuerdo con las pancartas que exhiben para justificar el cierre de la vialidad, los habitantes de la zona refieren que no reciben el suministro desde hace 3 meses.<\/p>\n\n\n\n<p>Los inconformes se\u00f1alan que la soluci\u00f3n al problema que representa el desabasto, es una de las banderas de campa\u00f1a por las que decidieron apoyar a la hoy jefa de Cabildo.<\/p>\n","protected":false},"excerpt":{"rendered":"<p>&#8211; Hace tres meses que no reciben el suministro\u00a0 Dassaev T\u00e9llez Vecinos del barrio de San Mateo, de las calles Canuto Neri, Belizario Dom\u00ednguez y Narciso Mendoza, cerraron sus v\u00edas&hellip; <\/p>\n","protected":false},"author":9,"featured_media":39687,"comment_status":"open","ping_status":"open","sticky":false,"template":"","format":"standard","meta":{"fifu_image_url":"","fifu_image_alt":"","footnotes":""},"categories":[13],"tags":[],"class_list":["post-39689","post","type-post","status-publish","format-standard","has-post-thumbnail","hentry","category-capital"],"_links":{"self":[{"href":"https:\/\/www.interaccionnoticias.com.mx\/index.php?rest_route=\/wp\/v2\/posts\/39689","targetHints":{"allow":["GET"]}}],"collection":[{"href":"https:\/\/www.interaccionnoticias.com.mx\/index.php?rest_route=\/wp\/v2\/posts"}],"about":[{"href":"https:\/\/www.interaccionnoticias.com.mx\/index.php?rest_route=\/wp\/v2\/types\/post"}],"author":[{"embeddable":true,"href":"https:\/\/www.interaccionnoticias.com.mx\/index.php?rest_route=\/wp\/v2\/users\/9"}],"replies":[{"embeddable":true,"href":"https:\/\/www.interaccionnoticias.com.mx\/index.php?rest_route=%2Fwp%2Fv2%2Fcomments&post=39689"}],"version-history":[{"count":1,"href":"https:\/\/www.interaccionnoticias.com.mx\/index.php?rest_route=\/wp\/v2\/posts\/39689\/revisions"}],"predecessor-version":[{"id":39690,"href":"https:\/\/www.interaccionnoticias.com.mx\/index.php?rest_route=\/wp\/v2\/posts\/39689\/revisions\/39690"}],"wp:featuredmedia":[{"embeddable":true,"href":"https:\/\/www.interaccionnoticias.com.mx\/index.php?rest_route=\/wp\/v2\/media\/39687"}],"wp:attachment":[{"href":"https:\/\/www.interaccionnoticias.com.mx\/index.php?rest_route=%2Fwp%2Fv2%2Fmedia&parent=39689"}],"wp:term":[{"taxonomy":"category","embeddable":true,"href":"https:\/\/www.interaccionnoticias.com.mx\/index.php?rest_route=%2Fwp%2Fv2%2Fcategories&post=39689"},{"taxonomy":"post_tag","embeddable":true,"href":"https:\/\/www.interaccionnoticias.com.mx\/index.php?rest_route=%2Fwp%2Fv2%2Ftags&post=39689"}],"curies":[{"name":"wp","href":"https:\/\/api.w.org\/{rel}","templated":true}]}}