{"id":39677,"date":"2021-12-26T20:01:59","date_gmt":"2021-12-27T02:01:59","guid":{"rendered":"https:\/\/interaccionnoticias.com.mx\/?p=39677"},"modified":"2021-12-26T20:02:04","modified_gmt":"2021-12-27T02:02:04","slug":"desde-colombia-guerrerenses-piden-apoyo-para-repatriar-el-cuerpo-de-un-joven-estudiante","status":"publish","type":"post","link":"https:\/\/www.interaccionnoticias.com.mx\/?p=39677","title":{"rendered":"Desde Colombia, Guerrerenses piden apoyo para repatriar el cuerpo de un joven estudiante"},"content":{"rendered":"\n<p><em><strong>&#8211; C\u00e9sar Armenta pide el respaldo de Relaciones Exteriores, pues durante dos d\u00edas no pudo ver el cuerpo sin vida de su sobrino, quien estaba estudiando una maestr\u00eda<\/strong><\/em><\/p>\n\n\n\n<p><strong>Rogelio Agust\u00edn<\/strong><\/p>\n\n\n\n<p>Familiares de un joven estudiante que muri\u00f3 en Colombia solicitaron el apoyo urgente de la Secretar\u00eda de Relaciones Exteriores, que durante dos d\u00edas los dej\u00f3 abandonados a su suerte.<\/p>\n\n\n\n<p>\u201cHoy desde el pa\u00eds de Colombia, en el municipio de Girardot, del departamento de Cundinamarca, mi hermana Adriana Leticia Armenta Adame (madre) y su servidor Marco Cesar Armenta Adame, pedimos el apoyo total y no parcial de la SRE (Secretaria de Relaciones Exteriores) de M\u00e9xico, para que nos ayuden con la repatriaci\u00f3n del cuerpo de mi sobrino Diego Antonio Escobar Armenta\u201d, destaca un mensaje colocado en el muro de Facebook de C\u00e9sar Armenta Adame, quien fuera funcionario del Gobierno de Guerrero en la administraci\u00f3n que culmin\u00f3 su mandato el pasado 14 de octubre.<\/p>\n\n\n\n<p>Explica: \u201cEstamos en Colombia sin apoyo real y compa\u00f1\u00eda f\u00edsica de los integrantes de nuestra embajada mexicana.<\/p>\n\n\n\n<p>Lamentablemente llevamos 45 horas sin poder tener contacto directo con los integrantes de nuestra embajada, s\u00f3lo hemos tenido contacto telef\u00f3nico y para nuestro pesar, el d\u00eda de ayer 25 de diciembre ni las llamadas ni mensajes nos contestaron, pareciera que tambi\u00e9n la embajada mexicana se tom\u00f3 su descanso obligatorio por la fecha\u201d.<\/p>\n\n\n\n<p>Hasta la jornada del 26 de diciembre, Armenta Adame y su hermana, no hab\u00edan podido ver el cuerpo del joven Diego Antonio.<\/p>\n\n\n\n<p>Afortunadamente, se\u00f1ala que recibieron el apoyo de las familias con las que Diego Antonio convivi\u00f3 y vivi\u00f3 durante los \u00faltimos meses.<\/p>\n\n\n\n<p>La permanencia del joven en Colombia, fue para estudiar una maestr\u00eda, por lo que estableci\u00f3 lazos con varios de sus compa\u00f1eros y sus familias.<\/p>\n\n\n\n<p>\u201cHoy 26 de diciembre, desde Colombia, pedimos la ayuda a las personas que est\u00e1n leyendo este comunicado, para que de alguna u otra manera le hagan llegar nuestra petici\u00f3n a la Secretar\u00eda de Relaciones Exteriores para que tomen cartas en el asunto\u201d, insiste el mensaje de la familia de Guerrerenses, que hace el llamado de auxilio desde Colombia.<\/p>\n\n\n\n<p>Incluso, en la publicaci\u00f3n dejan disponibles dos n\u00fameros de contacto, que son el +573112473161 y el +57 3212368715.<\/p>\n","protected":false},"excerpt":{"rendered":"<p>&#8211; C\u00e9sar Armenta pide el respaldo de Relaciones Exteriores, pues durante dos d\u00edas no pudo ver el cuerpo sin vida de su sobrino, quien estaba estudiando una maestr\u00eda Rogelio Agust\u00edn&hellip; <\/p>\n","protected":false},"author":21,"featured_media":39678,"comment_status":"open","ping_status":"open","sticky":false,"template":"","format":"standard","meta":{"fifu_image_url":"","fifu_image_alt":"","footnotes":""},"categories":[29],"tags":[],"class_list":["post-39677","post","type-post","status-publish","format-standard","has-post-thumbnail","hentry","category-sociedad"],"_links":{"self":[{"href":"https:\/\/www.interaccionnoticias.com.mx\/index.php?rest_route=\/wp\/v2\/posts\/39677","targetHints":{"allow":["GET"]}}],"collection":[{"href":"https:\/\/www.interaccionnoticias.com.mx\/index.php?rest_route=\/wp\/v2\/posts"}],"about":[{"href":"https:\/\/www.interaccionnoticias.com.mx\/index.php?rest_route=\/wp\/v2\/types\/post"}],"author":[{"embeddable":true,"href":"https:\/\/www.interaccionnoticias.com.mx\/index.php?rest_route=\/wp\/v2\/users\/21"}],"replies":[{"embeddable":true,"href":"https:\/\/www.interaccionnoticias.com.mx\/index.php?rest_route=%2Fwp%2Fv2%2Fcomments&post=39677"}],"version-history":[{"count":1,"href":"https:\/\/www.interaccionnoticias.com.mx\/index.php?rest_route=\/wp\/v2\/posts\/39677\/revisions"}],"predecessor-version":[{"id":39679,"href":"https:\/\/www.interaccionnoticias.com.mx\/index.php?rest_route=\/wp\/v2\/posts\/39677\/revisions\/39679"}],"wp:featuredmedia":[{"embeddable":true,"href":"https:\/\/www.interaccionnoticias.com.mx\/index.php?rest_route=\/wp\/v2\/media\/39678"}],"wp:attachment":[{"href":"https:\/\/www.interaccionnoticias.com.mx\/index.php?rest_route=%2Fwp%2Fv2%2Fmedia&parent=39677"}],"wp:term":[{"taxonomy":"category","embeddable":true,"href":"https:\/\/www.interaccionnoticias.com.mx\/index.php?rest_route=%2Fwp%2Fv2%2Fcategories&post=39677"},{"taxonomy":"post_tag","embeddable":true,"href":"https:\/\/www.interaccionnoticias.com.mx\/index.php?rest_route=%2Fwp%2Fv2%2Ftags&post=39677"}],"curies":[{"name":"wp","href":"https:\/\/api.w.org\/{rel}","templated":true}]}}