{"id":39662,"date":"2021-12-26T16:58:33","date_gmt":"2021-12-26T22:58:33","guid":{"rendered":"https:\/\/interaccionnoticias.com.mx\/?p=39662"},"modified":"2021-12-26T17:02:23","modified_gmt":"2021-12-26T23:02:23","slug":"colocan-pino-navideno-con-los-rostros-de-los-43-en-chilpancingo","status":"publish","type":"post","link":"https:\/\/www.interaccionnoticias.com.mx\/?p=39662","title":{"rendered":"Colocan pino navide\u00f1o con los rostros de los 43, en Chilpancingo"},"content":{"rendered":"\n<p><strong><em>&#8211; Reprochan que las investigaciones permanezcan estancadas<\/em><\/strong><\/p>\n\n\n\n<div class=\"wp-block-jetpack-slideshow aligncenter\" data-effect=\"slide\"><div class=\"wp-block-jetpack-slideshow_container swiper-container\"><ul class=\"wp-block-jetpack-slideshow_swiper-wrapper swiper-wrapper\"><li class=\"wp-block-jetpack-slideshow_slide swiper-slide\"><figure><img decoding=\"async\" src=\"data:image\/gif;base64,R0lGODlhAQABAIAAAAAAAP\/\/\/ywAAAAAAQABAAACAUwAOw==\" fifu-lazy=\"1\" fifu-data-sizes=\"auto\" fifu-data-srcset=\"https:\/\/i2.wp.com\/interaccionnoticias.com.mx\/wp-content\/uploads\/2021\/12\/211226-Pino-2-1024x683.jpeg?ssl=1&w=75&resize=75&ssl=1 75w, https:\/\/i2.wp.com\/interaccionnoticias.com.mx\/wp-content\/uploads\/2021\/12\/211226-Pino-2-1024x683.jpeg?ssl=1&w=100&resize=100&ssl=1 100w, https:\/\/i2.wp.com\/interaccionnoticias.com.mx\/wp-content\/uploads\/2021\/12\/211226-Pino-2-1024x683.jpeg?ssl=1&w=150&resize=150&ssl=1 150w, https:\/\/i2.wp.com\/interaccionnoticias.com.mx\/wp-content\/uploads\/2021\/12\/211226-Pino-2-1024x683.jpeg?ssl=1&w=240&resize=240&ssl=1 240w, https:\/\/i2.wp.com\/interaccionnoticias.com.mx\/wp-content\/uploads\/2021\/12\/211226-Pino-2-1024x683.jpeg?ssl=1&w=320&resize=320&ssl=1 320w, https:\/\/i2.wp.com\/interaccionnoticias.com.mx\/wp-content\/uploads\/2021\/12\/211226-Pino-2-1024x683.jpeg?ssl=1&w=500&resize=500&ssl=1 500w, https:\/\/i2.wp.com\/interaccionnoticias.com.mx\/wp-content\/uploads\/2021\/12\/211226-Pino-2-1024x683.jpeg?ssl=1&w=640&resize=640&ssl=1 640w, https:\/\/i2.wp.com\/interaccionnoticias.com.mx\/wp-content\/uploads\/2021\/12\/211226-Pino-2-1024x683.jpeg?ssl=1&w=800&resize=800&ssl=1 800w, https:\/\/i2.wp.com\/interaccionnoticias.com.mx\/wp-content\/uploads\/2021\/12\/211226-Pino-2-1024x683.jpeg?ssl=1&w=1024&resize=1024&ssl=1 1024w, https:\/\/i2.wp.com\/interaccionnoticias.com.mx\/wp-content\/uploads\/2021\/12\/211226-Pino-2-1024x683.jpeg?ssl=1&w=1280&resize=1280&ssl=1 1280w, https:\/\/i2.wp.com\/interaccionnoticias.com.mx\/wp-content\/uploads\/2021\/12\/211226-Pino-2-1024x683.jpeg?ssl=1&w=1600&resize=1600&ssl=1 1600w\" alt=\"\" class=\"wp-block-jetpack-slideshow_image wp-image-39664\" data-id=\"39664\" fifu-data-src=\"https:\/\/i2.wp.com\/interaccionnoticias.com.mx\/wp-content\/uploads\/2021\/12\/211226-Pino-2-1024x683.jpeg?ssl=1\"\/><\/figure><\/li><li class=\"wp-block-jetpack-slideshow_slide swiper-slide\"><figure><img decoding=\"async\" src=\"data:image\/gif;base64,R0lGODlhAQABAIAAAAAAAP\/\/\/ywAAAAAAQABAAACAUwAOw==\" fifu-lazy=\"1\" fifu-data-sizes=\"auto\" fifu-data-srcset=\"https:\/\/i3.wp.com\/interaccionnoticias.com.mx\/wp-content\/uploads\/2021\/12\/211226-Pino-1-1024x683.jpeg?ssl=1&w=75&resize=75&ssl=1 75w, https:\/\/i3.wp.com\/interaccionnoticias.com.mx\/wp-content\/uploads\/2021\/12\/211226-Pino-1-1024x683.jpeg?ssl=1&w=100&resize=100&ssl=1 100w, https:\/\/i3.wp.com\/interaccionnoticias.com.mx\/wp-content\/uploads\/2021\/12\/211226-Pino-1-1024x683.jpeg?ssl=1&w=150&resize=150&ssl=1 150w, https:\/\/i3.wp.com\/interaccionnoticias.com.mx\/wp-content\/uploads\/2021\/12\/211226-Pino-1-1024x683.jpeg?ssl=1&w=240&resize=240&ssl=1 240w, https:\/\/i3.wp.com\/interaccionnoticias.com.mx\/wp-content\/uploads\/2021\/12\/211226-Pino-1-1024x683.jpeg?ssl=1&w=320&resize=320&ssl=1 320w, https:\/\/i3.wp.com\/interaccionnoticias.com.mx\/wp-content\/uploads\/2021\/12\/211226-Pino-1-1024x683.jpeg?ssl=1&w=500&resize=500&ssl=1 500w, https:\/\/i3.wp.com\/interaccionnoticias.com.mx\/wp-content\/uploads\/2021\/12\/211226-Pino-1-1024x683.jpeg?ssl=1&w=640&resize=640&ssl=1 640w, https:\/\/i3.wp.com\/interaccionnoticias.com.mx\/wp-content\/uploads\/2021\/12\/211226-Pino-1-1024x683.jpeg?ssl=1&w=800&resize=800&ssl=1 800w, https:\/\/i3.wp.com\/interaccionnoticias.com.mx\/wp-content\/uploads\/2021\/12\/211226-Pino-1-1024x683.jpeg?ssl=1&w=1024&resize=1024&ssl=1 1024w, https:\/\/i3.wp.com\/interaccionnoticias.com.mx\/wp-content\/uploads\/2021\/12\/211226-Pino-1-1024x683.jpeg?ssl=1&w=1280&resize=1280&ssl=1 1280w, https:\/\/i3.wp.com\/interaccionnoticias.com.mx\/wp-content\/uploads\/2021\/12\/211226-Pino-1-1024x683.jpeg?ssl=1&w=1600&resize=1600&ssl=1 1600w\" alt=\"\" class=\"wp-block-jetpack-slideshow_image wp-image-39663\" data-id=\"39663\" fifu-data-src=\"https:\/\/i3.wp.com\/interaccionnoticias.com.mx\/wp-content\/uploads\/2021\/12\/211226-Pino-1-1024x683.jpeg?ssl=1\"\/><\/figure><\/li><\/ul><a class=\"wp-block-jetpack-slideshow_button-prev swiper-button-prev swiper-button-white\" role=\"button\"><\/a><a class=\"wp-block-jetpack-slideshow_button-next swiper-button-next swiper-button-white\" role=\"button\"><\/a><a aria-label=\"Pause Slideshow\" class=\"wp-block-jetpack-slideshow_button-pause\" role=\"button\"><\/a><div class=\"wp-block-jetpack-slideshow_pagination swiper-pagination swiper-pagination-white\"><\/div><\/div><\/div>\n\n\n\n<p><strong>Rogelio Agust\u00edn<\/strong><\/p>\n\n\n\n<p>A 87 meses de los hechos del 26 de septiembre de 2014, estudiantes de la Normal Rural de Ayotzinapa, as\u00ed como integrantes del colectivo \u201cLos Olvidados\u201d y representantes del magisterio disidente colocaron un pino navide\u00f1o con los rostros de los 43 desaparecidos tras los ataques de la noche de Iguala.<\/p>\n\n\n\n<p>Como cada mes, estudiantes de la Normal Rural Ra\u00fal Isidro Burgos, junto con activistas de diferentes organizaciones sociales llegaron a la capital del estado para concentrarse en lo que se conoce como el antimonumento a los 43, ubicado sobre la avenida L\u00e1zaro C\u00e1rdenas.<\/p>\n\n\n\n<p>Ah\u00ed, recordaron que a 87 meses de ocurridos los hechos del 26 de septiembre de 2014, las autoridades no han cumplido con el compromiso de esclarecer los hechos, lo que implica ubicar el paradero de los normalistas rurales y sancionar a los culpables.<\/p>\n\n\n\n<p>Particularmente reprocharon el hecho de que durante el primer a\u00f1o del mandato de Andr\u00e9s Manuel L\u00f3pez Obrador, las investigaciones parecieran haber avanzado de manera importante, pero durante los \u00faltimos 24 meses las cosas entraron en un periodo de estancamiento.<\/p>\n\n\n\n<p>Dijeron que hasta el momento, no se ha confirmado la extradici\u00f3n de Tom\u00e1s Zer\u00f3n de Lucio, quien es considerado como el principal art\u00edfice de la denominada \u201cVerdad Hist\u00f3rica\u201d, que consist\u00eda en se\u00f1alar que todos los normalistas rurales hab\u00edan sido asesinados y calcinados en el basurero de Cocula, situaci\u00f3n que ya fue ampliamente desmentida.<\/p>\n\n\n\n<p>Sin embargo, se\u00f1alaron que no se haya procedido en contra del ex titular de la Procuradur\u00eda General de la Rep\u00fablica (PGR) ni del ex presidente Enrique Pe\u00f1a Nieto, quien de manera recurrente es captado en diferentes partes del mundo, disfrutando de la vida sin que nada le complique la existencia.<\/p>\n\n\n\n<p>Por esa raz\u00f3n, dijeron que la colocaci\u00f3n del Pino Navide\u00f1o con el rostro de los 43 desaparecidos, es parte de un acuerdo tomado con al menos 30 organizaciones sociales, que llevan a cabo dicha acci\u00f3n en diferentes partes del estado y del pa\u00eds.<\/p>\n\n\n\n<p>El pino navide\u00f1o es un acuerdo de la Asamblea Nacional Popular, como una manera de recordar que en Guerrero y el pa\u00eds, se tiene una gran deuda con la justicia, la que debe llegar m\u00e1s all\u00e1 de los discursos de buena voluntad.<\/p>\n","protected":false},"excerpt":{"rendered":"<p>&#8211; Reprochan que las investigaciones permanezcan estancadas Rogelio Agust\u00edn A 87 meses de los hechos del 26 de septiembre de 2014, estudiantes de la Normal Rural de Ayotzinapa, as\u00ed como&hellip; <\/p>\n","protected":false},"author":21,"featured_media":39663,"comment_status":"open","ping_status":"open","sticky":false,"template":"","format":"standard","meta":{"fifu_image_url":"","fifu_image_alt":"","footnotes":""},"categories":[15],"tags":[],"class_list":["post-39662","post","type-post","status-publish","format-standard","has-post-thumbnail","hentry","category-movimientos-sociales"],"_links":{"self":[{"href":"https:\/\/www.interaccionnoticias.com.mx\/index.php?rest_route=\/wp\/v2\/posts\/39662","targetHints":{"allow":["GET"]}}],"collection":[{"href":"https:\/\/www.interaccionnoticias.com.mx\/index.php?rest_route=\/wp\/v2\/posts"}],"about":[{"href":"https:\/\/www.interaccionnoticias.com.mx\/index.php?rest_route=\/wp\/v2\/types\/post"}],"author":[{"embeddable":true,"href":"https:\/\/www.interaccionnoticias.com.mx\/index.php?rest_route=\/wp\/v2\/users\/21"}],"replies":[{"embeddable":true,"href":"https:\/\/www.interaccionnoticias.com.mx\/index.php?rest_route=%2Fwp%2Fv2%2Fcomments&post=39662"}],"version-history":[{"count":1,"href":"https:\/\/www.interaccionnoticias.com.mx\/index.php?rest_route=\/wp\/v2\/posts\/39662\/revisions"}],"predecessor-version":[{"id":39665,"href":"https:\/\/www.interaccionnoticias.com.mx\/index.php?rest_route=\/wp\/v2\/posts\/39662\/revisions\/39665"}],"wp:featuredmedia":[{"embeddable":true,"href":"https:\/\/www.interaccionnoticias.com.mx\/index.php?rest_route=\/wp\/v2\/media\/39663"}],"wp:attachment":[{"href":"https:\/\/www.interaccionnoticias.com.mx\/index.php?rest_route=%2Fwp%2Fv2%2Fmedia&parent=39662"}],"wp:term":[{"taxonomy":"category","embeddable":true,"href":"https:\/\/www.interaccionnoticias.com.mx\/index.php?rest_route=%2Fwp%2Fv2%2Fcategories&post=39662"},{"taxonomy":"post_tag","embeddable":true,"href":"https:\/\/www.interaccionnoticias.com.mx\/index.php?rest_route=%2Fwp%2Fv2%2Ftags&post=39662"}],"curies":[{"name":"wp","href":"https:\/\/api.w.org\/{rel}","templated":true}]}}