{"id":39655,"date":"2021-12-26T12:25:50","date_gmt":"2021-12-26T18:25:50","guid":{"rendered":"https:\/\/interaccionnoticias.com.mx\/?p=39655"},"modified":"2021-12-26T12:25:54","modified_gmt":"2021-12-26T18:25:54","slug":"la-adversidad-nos-hace-fuertes-y-la-feria-de-chilpancingo-nos-une-norma-otilia-hernandez-martinez","status":"publish","type":"post","link":"https:\/\/www.interaccionnoticias.com.mx\/?p=39655","title":{"rendered":"La adversidad nos hace fuertes y la Feria de Chilpancingo, nos une: Norma Otilia Hern\u00e1ndez Mart\u00ednez"},"content":{"rendered":"\n<p><strong><em>&#8211; Encabeza la inauguraci\u00f3n de la Feria de Chilpancingo, San Mateo, Navidad y A\u00f1o Nuevo en su edici\u00f3n n\u00famero 196<\/em><\/strong><\/p>\n\n\n\n<p><strong>Chilpancingo, Gro.-<\/strong> \u00abLa adversidad es lo que nos hace fuertes y este evento nos une como pueblo\u00bb, afirm\u00f3 la presidenta municipal de Chilpancingo, Norma Otilia Hern\u00e1ndez Mart\u00ednez, al inaugurar oficialmente la Feria de Chilpancingo, San Mateo, Navidad y A\u00f1o Nuevo en su edici\u00f3n n\u00famero 196.<\/p>\n\n\n\n<p>Tras una presentaci\u00f3n art\u00edstica en el \u201cTeatro del Pueblo\u201d Rub\u00e9n Mora a cargo de la banda Hermanos Mateos, el ballet folcl\u00f3rico Huitzillin del maestro Geovanny de Jes\u00fas Garc\u00eda, la Sonora Dinamita y la Sonora Santanera, Hern\u00e1ndez Mart\u00ednez destac\u00f3 que esta es la primera edici\u00f3n de la feria que se realiza con recursos propios y llam\u00f3 a que, con el esfuerzo de todos, sea la mejor de la historia y ante la pandemia por el Covid-19, se aplican protocolos sanitarios.<\/p>\n\n\n\n<p>El presidente del Patronato de la Feria, Christian Valadez Gonz\u00e1lez agradeci\u00f3 el apoyo del Ayuntamiento de Chilpancingo con personal de diversas \u00e1reas, entre ellas Seguridad P\u00fablica, Tr\u00e1nsito y Vialidad, Salud, Protecci\u00f3n Civil, Servicios P\u00fablicos, entre otras, que han dado orden y seguridad a los eventos.<\/p>\n\n\n\n<p>Tambi\u00e9n destac\u00f3 la confianza de los empresarios nacionales y locales para invertir en los eventos y de la ciudadan\u00eda al participar en todas las actividades.<\/p>\n\n\n\n<p>\u201cTendremos eventos art\u00edsticos, culturales; tendremos la mejor cartelera y gracias al apoyo de muchos empresarios tendremos una feria exitosa, llena de mucho color y fiesta\u201d, afirm\u00f3.<\/p>\n\n\n\n<p>La presidenta Norma Otilia Hern\u00e1ndez Mart\u00ednez consider\u00f3 que esta edici\u00f3n de la Feria es una muestra de que Chilpancingo est\u00e1 de pie ante esta pandemia que ha marcado al mundo.<\/p>\n\n\n\n<p>Destac\u00f3 la presencia y participaci\u00f3n de varias delegaciones art\u00edsticas y culturales de diversos estados y pa\u00edses, entre ellas la de Colombia.<\/p>\n\n\n\n<p>As\u00ed mismo, hizo un reconocimiento a Manuel Humberto Adame Alarc\u00f3n, destacado cronista del Paseo del Pend\u00f3n durante m\u00e1s de 20 a\u00f1os.&nbsp;<\/p>\n\n\n\n<p>\u201cLa adversidad es lo que nos hace fuertes como pueblo. Mi deseo para todos es amor, paz, reconciliaci\u00f3n y perd\u00f3n. La unidad es clave y este evento nos une como pueblo. Juntos, vamos por la mejor feria\u201d, enfatiz\u00f3.<\/p>\n\n\n\n<p>Reconoci\u00f3 al patronato encabezado por Christian Valadez debido a que esta edici\u00f3n de la feria es la primera de la historia que se realiza con recursos propios.<\/p>\n","protected":false},"excerpt":{"rendered":"<p>&#8211; Encabeza la inauguraci\u00f3n de la Feria de Chilpancingo, San Mateo, Navidad y A\u00f1o Nuevo en su edici\u00f3n n\u00famero 196 Chilpancingo, Gro.- \u00abLa adversidad es lo que nos hace fuertes&hellip; <\/p>\n","protected":false},"author":19,"featured_media":39656,"comment_status":"open","ping_status":"open","sticky":false,"template":"","format":"standard","meta":{"fifu_image_url":"","fifu_image_alt":"","footnotes":""},"categories":[13],"tags":[],"class_list":["post-39655","post","type-post","status-publish","format-standard","has-post-thumbnail","hentry","category-capital"],"_links":{"self":[{"href":"https:\/\/www.interaccionnoticias.com.mx\/index.php?rest_route=\/wp\/v2\/posts\/39655","targetHints":{"allow":["GET"]}}],"collection":[{"href":"https:\/\/www.interaccionnoticias.com.mx\/index.php?rest_route=\/wp\/v2\/posts"}],"about":[{"href":"https:\/\/www.interaccionnoticias.com.mx\/index.php?rest_route=\/wp\/v2\/types\/post"}],"author":[{"embeddable":true,"href":"https:\/\/www.interaccionnoticias.com.mx\/index.php?rest_route=\/wp\/v2\/users\/19"}],"replies":[{"embeddable":true,"href":"https:\/\/www.interaccionnoticias.com.mx\/index.php?rest_route=%2Fwp%2Fv2%2Fcomments&post=39655"}],"version-history":[{"count":1,"href":"https:\/\/www.interaccionnoticias.com.mx\/index.php?rest_route=\/wp\/v2\/posts\/39655\/revisions"}],"predecessor-version":[{"id":39658,"href":"https:\/\/www.interaccionnoticias.com.mx\/index.php?rest_route=\/wp\/v2\/posts\/39655\/revisions\/39658"}],"wp:featuredmedia":[{"embeddable":true,"href":"https:\/\/www.interaccionnoticias.com.mx\/index.php?rest_route=\/wp\/v2\/media\/39656"}],"wp:attachment":[{"href":"https:\/\/www.interaccionnoticias.com.mx\/index.php?rest_route=%2Fwp%2Fv2%2Fmedia&parent=39655"}],"wp:term":[{"taxonomy":"category","embeddable":true,"href":"https:\/\/www.interaccionnoticias.com.mx\/index.php?rest_route=%2Fwp%2Fv2%2Fcategories&post=39655"},{"taxonomy":"post_tag","embeddable":true,"href":"https:\/\/www.interaccionnoticias.com.mx\/index.php?rest_route=%2Fwp%2Fv2%2Ftags&post=39655"}],"curies":[{"name":"wp","href":"https:\/\/api.w.org\/{rel}","templated":true}]}}