{"id":39652,"date":"2021-12-25T18:07:06","date_gmt":"2021-12-26T00:07:06","guid":{"rendered":"https:\/\/interaccionnoticias.com.mx\/?p=39652"},"modified":"2021-12-25T18:07:11","modified_gmt":"2021-12-26T00:07:11","slug":"accidente-automovilistico-deja-dos-muertos-en-acapulco","status":"publish","type":"post","link":"https:\/\/www.interaccionnoticias.com.mx\/?p=39652","title":{"rendered":"Accidente automovil\u00edstico deja dos muertos en Acapulco"},"content":{"rendered":"\n<p><strong><em>&#8211; Tambi\u00e9n resultan cuatro lesionados del choque\u00a0\u00a0<\/em><\/strong><br><strong><em>&#8211; En el accidente de la ambulancia muri\u00f3 ifartado chofer\u00a0<\/em><\/strong><\/p>\n\n\n\n<p><strong>Javier Trujillo<\/strong><\/p>\n\n\n\n<p><strong>Acapulco, Gro. \u2013 <\/strong>Esta ma\u00f1ana de Navidad, dos accidentes automovil\u00edsticos dejaron como saldo dos personas muertas, cuatro lesionados, dos de los cuales se reportan graves, en el puerto de Acapulco.\u00a0<\/p>\n\n\n\n<p>Uno de los accidentes ocurri\u00f3 en la carretera Esc\u00e9nica, cuando un taxi azul con blanco del servicio p\u00fablico, invadi\u00f3 el carril contrario y choc\u00f3 de frente contra una camioneta Jeep Wrangler.&nbsp;&nbsp;<\/p>\n\n\n\n<p>El otro ocurri\u00f3 en el Maxit\u00fanel, cuando el conductor de la ambulancia, Eduardo B\u00e1rcenas, conduc\u00eda la ambulancia de Cruz Roja, cuando sufri\u00f3 un infart\u00f3 fulminante perdi\u00f3 el control y choc\u00f3 contra una guarnici\u00f3n.&nbsp;<\/p>\n\n\n\n<p>Con relaci\u00f3n al choque entre el taxi y el veh\u00edculo particular en la carretera Esc\u00e9nica, dej\u00f3 como saldo una mujer muerta, y cuatro lesionados, todos eran pasajeros de la unidad del servicio p\u00fablico.&nbsp;<\/p>\n\n\n\n<p>De acuerdo con el parte informativo, se indica que una mujer que viajaba como pasajera en el taxi azul con blanco, con n\u00famero econ\u00f3mico 5296 y placas A308-FFC, falleci\u00f3 en el lugar del accidente.&nbsp;<\/p>\n\n\n\n<p>La camioneta roja, de la marca Jeep Wrangler, color rojo con placas del estado de Morelos no se reportan personas lesionadas.&nbsp;<\/p>\n\n\n\n<p>Tras el accidente en el lugar, las ambulancias trasladaron a las personas lesionadas, entre ellas al chofer del taxi.&nbsp;<\/p>\n\n\n\n<p>Con relaci\u00f3n al deceso del operador de la Cruz Roja, Eduardo B\u00e1rcenas, se indica que ten\u00eda m\u00e1s de 40 a\u00f1os de servicio y que el accidente ocurri\u00f3 cuando asist\u00eda a un servicio del accidente ocurrido en la Esc\u00e9nica, donde trasladaban a dos lesionados del choque entre el taxi y un particular.&nbsp;<\/p>\n\n\n\n<p>Cabe mencionar que apenas el pasado 16 de diciembre, el gobierno de Acapulco, despleg\u00f3 un operativo con la finalidad de reducir y evitar los accidentes vehiculares en la carretera Esc\u00e9nica \u201cClemente Mej\u00eda\u201d.&nbsp;&nbsp;<\/p>\n\n\n\n<p>Hasta el lugar, acudieron elementos de la Polic\u00eda Vial, de Tr\u00e1nsito Estatal y de Servicios Periciales, quienes acordonaron la zona.<\/p>\n","protected":false},"excerpt":{"rendered":"<p>&#8211; Tambi\u00e9n resultan cuatro lesionados del choque\u00a0\u00a0&#8211; En el accidente de la ambulancia muri\u00f3 ifartado chofer\u00a0 Javier Trujillo Acapulco, Gro. \u2013 Esta ma\u00f1ana de Navidad, dos accidentes automovil\u00edsticos dejaron como&hellip; <\/p>\n","protected":false},"author":3,"featured_media":39653,"comment_status":"open","ping_status":"open","sticky":false,"template":"","format":"standard","meta":{"fifu_image_url":"","fifu_image_alt":"","footnotes":""},"categories":[27],"tags":[],"class_list":["post-39652","post","type-post","status-publish","format-standard","has-post-thumbnail","hentry","category-seguridad-publica"],"_links":{"self":[{"href":"https:\/\/www.interaccionnoticias.com.mx\/index.php?rest_route=\/wp\/v2\/posts\/39652","targetHints":{"allow":["GET"]}}],"collection":[{"href":"https:\/\/www.interaccionnoticias.com.mx\/index.php?rest_route=\/wp\/v2\/posts"}],"about":[{"href":"https:\/\/www.interaccionnoticias.com.mx\/index.php?rest_route=\/wp\/v2\/types\/post"}],"author":[{"embeddable":true,"href":"https:\/\/www.interaccionnoticias.com.mx\/index.php?rest_route=\/wp\/v2\/users\/3"}],"replies":[{"embeddable":true,"href":"https:\/\/www.interaccionnoticias.com.mx\/index.php?rest_route=%2Fwp%2Fv2%2Fcomments&post=39652"}],"version-history":[{"count":1,"href":"https:\/\/www.interaccionnoticias.com.mx\/index.php?rest_route=\/wp\/v2\/posts\/39652\/revisions"}],"predecessor-version":[{"id":39654,"href":"https:\/\/www.interaccionnoticias.com.mx\/index.php?rest_route=\/wp\/v2\/posts\/39652\/revisions\/39654"}],"wp:featuredmedia":[{"embeddable":true,"href":"https:\/\/www.interaccionnoticias.com.mx\/index.php?rest_route=\/wp\/v2\/media\/39653"}],"wp:attachment":[{"href":"https:\/\/www.interaccionnoticias.com.mx\/index.php?rest_route=%2Fwp%2Fv2%2Fmedia&parent=39652"}],"wp:term":[{"taxonomy":"category","embeddable":true,"href":"https:\/\/www.interaccionnoticias.com.mx\/index.php?rest_route=%2Fwp%2Fv2%2Fcategories&post=39652"},{"taxonomy":"post_tag","embeddable":true,"href":"https:\/\/www.interaccionnoticias.com.mx\/index.php?rest_route=%2Fwp%2Fv2%2Ftags&post=39652"}],"curies":[{"name":"wp","href":"https:\/\/api.w.org\/{rel}","templated":true}]}}