{"id":39629,"date":"2021-12-23T23:45:35","date_gmt":"2021-12-24T05:45:35","guid":{"rendered":"https:\/\/interaccionnoticias.com.mx\/?p=39629"},"modified":"2021-12-23T23:45:38","modified_gmt":"2021-12-24T05:45:38","slug":"congreso-local-rechaza-la-terna-propuesta-para-la-fiscalia-de-guerrero","status":"publish","type":"post","link":"https:\/\/www.interaccionnoticias.com.mx\/?p=39629","title":{"rendered":"Congreso local rechaza la terna propuesta para la Fiscal\u00eda de Guerrero"},"content":{"rendered":"\n<p><strong><em>&#8211; Ahora, ser\u00e1 la gobernadora quien designe libremente al titular de la instituci\u00f3n <\/em><\/strong><br><strong><em>&#8211; \u201cSer\u00eda desastroso\u201d, advirti\u00f3 uno de los aspirantes, tras comparecer ante la Jucopo <\/em><\/strong><br><strong><em>&#8211; Un d\u00eda antes, el PRI responsabiliz\u00f3 al coordinador de Morena, Alfredo S\u00e1nchez si el nombramiento no se concretaba&nbsp; &nbsp;<\/em><\/strong><\/p>\n\n\n\n<div class=\"wp-block-jetpack-slideshow aligncenter\" data-effect=\"slide\"><div class=\"wp-block-jetpack-slideshow_container swiper-container\"><ul class=\"wp-block-jetpack-slideshow_swiper-wrapper swiper-wrapper\"><li class=\"wp-block-jetpack-slideshow_slide swiper-slide\"><figure><img decoding=\"async\" src=\"data:image\/gif;base64,R0lGODlhAQABAIAAAAAAAP\/\/\/ywAAAAAAQABAAACAUwAOw==\" fifu-lazy=\"1\" fifu-data-sizes=\"auto\" fifu-data-srcset=\"https:\/\/i2.wp.com\/interaccionnoticias.com.mx\/wp-content\/uploads\/2021\/12\/211223-Congreso-4-1024x683.jpg?ssl=1&w=75&resize=75&ssl=1 75w, https:\/\/i2.wp.com\/interaccionnoticias.com.mx\/wp-content\/uploads\/2021\/12\/211223-Congreso-4-1024x683.jpg?ssl=1&w=100&resize=100&ssl=1 100w, https:\/\/i2.wp.com\/interaccionnoticias.com.mx\/wp-content\/uploads\/2021\/12\/211223-Congreso-4-1024x683.jpg?ssl=1&w=150&resize=150&ssl=1 150w, https:\/\/i2.wp.com\/interaccionnoticias.com.mx\/wp-content\/uploads\/2021\/12\/211223-Congreso-4-1024x683.jpg?ssl=1&w=240&resize=240&ssl=1 240w, https:\/\/i2.wp.com\/interaccionnoticias.com.mx\/wp-content\/uploads\/2021\/12\/211223-Congreso-4-1024x683.jpg?ssl=1&w=320&resize=320&ssl=1 320w, https:\/\/i2.wp.com\/interaccionnoticias.com.mx\/wp-content\/uploads\/2021\/12\/211223-Congreso-4-1024x683.jpg?ssl=1&w=500&resize=500&ssl=1 500w, https:\/\/i2.wp.com\/interaccionnoticias.com.mx\/wp-content\/uploads\/2021\/12\/211223-Congreso-4-1024x683.jpg?ssl=1&w=640&resize=640&ssl=1 640w, https:\/\/i2.wp.com\/interaccionnoticias.com.mx\/wp-content\/uploads\/2021\/12\/211223-Congreso-4-1024x683.jpg?ssl=1&w=800&resize=800&ssl=1 800w, https:\/\/i2.wp.com\/interaccionnoticias.com.mx\/wp-content\/uploads\/2021\/12\/211223-Congreso-4-1024x683.jpg?ssl=1&w=1024&resize=1024&ssl=1 1024w, https:\/\/i2.wp.com\/interaccionnoticias.com.mx\/wp-content\/uploads\/2021\/12\/211223-Congreso-4-1024x683.jpg?ssl=1&w=1280&resize=1280&ssl=1 1280w, https:\/\/i2.wp.com\/interaccionnoticias.com.mx\/wp-content\/uploads\/2021\/12\/211223-Congreso-4-1024x683.jpg?ssl=1&w=1600&resize=1600&ssl=1 1600w\" alt=\"\" class=\"wp-block-jetpack-slideshow_image wp-image-39633\" data-id=\"39633\" fifu-data-src=\"https:\/\/i2.wp.com\/interaccionnoticias.com.mx\/wp-content\/uploads\/2021\/12\/211223-Congreso-4-1024x683.jpg?ssl=1\"\/><\/figure><\/li><li class=\"wp-block-jetpack-slideshow_slide swiper-slide\"><figure><img decoding=\"async\" src=\"data:image\/gif;base64,R0lGODlhAQABAIAAAAAAAP\/\/\/ywAAAAAAQABAAACAUwAOw==\" fifu-lazy=\"1\" fifu-data-sizes=\"auto\" fifu-data-srcset=\"https:\/\/i2.wp.com\/interaccionnoticias.com.mx\/wp-content\/uploads\/2021\/12\/211223-Congreso-3-1024x683.jpg?ssl=1&w=75&resize=75&ssl=1 75w, https:\/\/i2.wp.com\/interaccionnoticias.com.mx\/wp-content\/uploads\/2021\/12\/211223-Congreso-3-1024x683.jpg?ssl=1&w=100&resize=100&ssl=1 100w, https:\/\/i2.wp.com\/interaccionnoticias.com.mx\/wp-content\/uploads\/2021\/12\/211223-Congreso-3-1024x683.jpg?ssl=1&w=150&resize=150&ssl=1 150w, https:\/\/i2.wp.com\/interaccionnoticias.com.mx\/wp-content\/uploads\/2021\/12\/211223-Congreso-3-1024x683.jpg?ssl=1&w=240&resize=240&ssl=1 240w, https:\/\/i2.wp.com\/interaccionnoticias.com.mx\/wp-content\/uploads\/2021\/12\/211223-Congreso-3-1024x683.jpg?ssl=1&w=320&resize=320&ssl=1 320w, https:\/\/i2.wp.com\/interaccionnoticias.com.mx\/wp-content\/uploads\/2021\/12\/211223-Congreso-3-1024x683.jpg?ssl=1&w=500&resize=500&ssl=1 500w, https:\/\/i2.wp.com\/interaccionnoticias.com.mx\/wp-content\/uploads\/2021\/12\/211223-Congreso-3-1024x683.jpg?ssl=1&w=640&resize=640&ssl=1 640w, https:\/\/i2.wp.com\/interaccionnoticias.com.mx\/wp-content\/uploads\/2021\/12\/211223-Congreso-3-1024x683.jpg?ssl=1&w=800&resize=800&ssl=1 800w, https:\/\/i2.wp.com\/interaccionnoticias.com.mx\/wp-content\/uploads\/2021\/12\/211223-Congreso-3-1024x683.jpg?ssl=1&w=1024&resize=1024&ssl=1 1024w, https:\/\/i2.wp.com\/interaccionnoticias.com.mx\/wp-content\/uploads\/2021\/12\/211223-Congreso-3-1024x683.jpg?ssl=1&w=1280&resize=1280&ssl=1 1280w, https:\/\/i2.wp.com\/interaccionnoticias.com.mx\/wp-content\/uploads\/2021\/12\/211223-Congreso-3-1024x683.jpg?ssl=1&w=1600&resize=1600&ssl=1 1600w\" alt=\"\" class=\"wp-block-jetpack-slideshow_image wp-image-39632\" data-id=\"39632\" fifu-data-src=\"https:\/\/i2.wp.com\/interaccionnoticias.com.mx\/wp-content\/uploads\/2021\/12\/211223-Congreso-3-1024x683.jpg?ssl=1\"\/><\/figure><\/li><li class=\"wp-block-jetpack-slideshow_slide swiper-slide\"><figure><img decoding=\"async\" src=\"data:image\/gif;base64,R0lGODlhAQABAIAAAAAAAP\/\/\/ywAAAAAAQABAAACAUwAOw==\" fifu-lazy=\"1\" fifu-data-sizes=\"auto\" fifu-data-srcset=\"https:\/\/i0.wp.com\/interaccionnoticias.com.mx\/wp-content\/uploads\/2021\/12\/211223-Congreso-2-1024x683.jpg?ssl=1&w=75&resize=75&ssl=1 75w, https:\/\/i0.wp.com\/interaccionnoticias.com.mx\/wp-content\/uploads\/2021\/12\/211223-Congreso-2-1024x683.jpg?ssl=1&w=100&resize=100&ssl=1 100w, https:\/\/i0.wp.com\/interaccionnoticias.com.mx\/wp-content\/uploads\/2021\/12\/211223-Congreso-2-1024x683.jpg?ssl=1&w=150&resize=150&ssl=1 150w, https:\/\/i0.wp.com\/interaccionnoticias.com.mx\/wp-content\/uploads\/2021\/12\/211223-Congreso-2-1024x683.jpg?ssl=1&w=240&resize=240&ssl=1 240w, https:\/\/i0.wp.com\/interaccionnoticias.com.mx\/wp-content\/uploads\/2021\/12\/211223-Congreso-2-1024x683.jpg?ssl=1&w=320&resize=320&ssl=1 320w, https:\/\/i0.wp.com\/interaccionnoticias.com.mx\/wp-content\/uploads\/2021\/12\/211223-Congreso-2-1024x683.jpg?ssl=1&w=500&resize=500&ssl=1 500w, https:\/\/i0.wp.com\/interaccionnoticias.com.mx\/wp-content\/uploads\/2021\/12\/211223-Congreso-2-1024x683.jpg?ssl=1&w=640&resize=640&ssl=1 640w, https:\/\/i0.wp.com\/interaccionnoticias.com.mx\/wp-content\/uploads\/2021\/12\/211223-Congreso-2-1024x683.jpg?ssl=1&w=800&resize=800&ssl=1 800w, https:\/\/i0.wp.com\/interaccionnoticias.com.mx\/wp-content\/uploads\/2021\/12\/211223-Congreso-2-1024x683.jpg?ssl=1&w=1024&resize=1024&ssl=1 1024w, https:\/\/i0.wp.com\/interaccionnoticias.com.mx\/wp-content\/uploads\/2021\/12\/211223-Congreso-2-1024x683.jpg?ssl=1&w=1280&resize=1280&ssl=1 1280w, https:\/\/i0.wp.com\/interaccionnoticias.com.mx\/wp-content\/uploads\/2021\/12\/211223-Congreso-2-1024x683.jpg?ssl=1&w=1600&resize=1600&ssl=1 1600w\" alt=\"\" class=\"wp-block-jetpack-slideshow_image wp-image-39631\" data-id=\"39631\" fifu-data-src=\"https:\/\/i0.wp.com\/interaccionnoticias.com.mx\/wp-content\/uploads\/2021\/12\/211223-Congreso-2-1024x683.jpg?ssl=1\"\/><\/figure><\/li><li class=\"wp-block-jetpack-slideshow_slide swiper-slide\"><figure><img decoding=\"async\" src=\"data:image\/gif;base64,R0lGODlhAQABAIAAAAAAAP\/\/\/ywAAAAAAQABAAACAUwAOw==\" fifu-lazy=\"1\" fifu-data-sizes=\"auto\" fifu-data-srcset=\"https:\/\/i3.wp.com\/interaccionnoticias.com.mx\/wp-content\/uploads\/2021\/12\/211223-Congreso-1-1024x683.jpg?ssl=1&w=75&resize=75&ssl=1 75w, https:\/\/i3.wp.com\/interaccionnoticias.com.mx\/wp-content\/uploads\/2021\/12\/211223-Congreso-1-1024x683.jpg?ssl=1&w=100&resize=100&ssl=1 100w, https:\/\/i3.wp.com\/interaccionnoticias.com.mx\/wp-content\/uploads\/2021\/12\/211223-Congreso-1-1024x683.jpg?ssl=1&w=150&resize=150&ssl=1 150w, https:\/\/i3.wp.com\/interaccionnoticias.com.mx\/wp-content\/uploads\/2021\/12\/211223-Congreso-1-1024x683.jpg?ssl=1&w=240&resize=240&ssl=1 240w, https:\/\/i3.wp.com\/interaccionnoticias.com.mx\/wp-content\/uploads\/2021\/12\/211223-Congreso-1-1024x683.jpg?ssl=1&w=320&resize=320&ssl=1 320w, https:\/\/i3.wp.com\/interaccionnoticias.com.mx\/wp-content\/uploads\/2021\/12\/211223-Congreso-1-1024x683.jpg?ssl=1&w=500&resize=500&ssl=1 500w, https:\/\/i3.wp.com\/interaccionnoticias.com.mx\/wp-content\/uploads\/2021\/12\/211223-Congreso-1-1024x683.jpg?ssl=1&w=640&resize=640&ssl=1 640w, https:\/\/i3.wp.com\/interaccionnoticias.com.mx\/wp-content\/uploads\/2021\/12\/211223-Congreso-1-1024x683.jpg?ssl=1&w=800&resize=800&ssl=1 800w, https:\/\/i3.wp.com\/interaccionnoticias.com.mx\/wp-content\/uploads\/2021\/12\/211223-Congreso-1-1024x683.jpg?ssl=1&w=1024&resize=1024&ssl=1 1024w, https:\/\/i3.wp.com\/interaccionnoticias.com.mx\/wp-content\/uploads\/2021\/12\/211223-Congreso-1-1024x683.jpg?ssl=1&w=1280&resize=1280&ssl=1 1280w, https:\/\/i3.wp.com\/interaccionnoticias.com.mx\/wp-content\/uploads\/2021\/12\/211223-Congreso-1-1024x683.jpg?ssl=1&w=1600&resize=1600&ssl=1 1600w\" alt=\"\" class=\"wp-block-jetpack-slideshow_image wp-image-39630\" data-id=\"39630\" fifu-data-src=\"https:\/\/i3.wp.com\/interaccionnoticias.com.mx\/wp-content\/uploads\/2021\/12\/211223-Congreso-1-1024x683.jpg?ssl=1\"\/><\/figure><\/li><\/ul><a class=\"wp-block-jetpack-slideshow_button-prev swiper-button-prev swiper-button-white\" role=\"button\"><\/a><a class=\"wp-block-jetpack-slideshow_button-next swiper-button-next swiper-button-white\" role=\"button\"><\/a><a aria-label=\"Pause Slideshow\" class=\"wp-block-jetpack-slideshow_button-pause\" role=\"button\"><\/a><div class=\"wp-block-jetpack-slideshow_pagination swiper-pagination swiper-pagination-white\"><\/div><\/div><\/div>\n\n\n\n<p><strong>Rogelio Agust\u00edn<\/strong><\/p>\n\n\n\n<p>Por primera vez en la historia parlamentaria de Guerrero, el Congreso local rechaz\u00f3 la terna de abogados que la gobernadora Evelyn Salgado Pineda propuso para designar al titular de la Fiscal\u00eda General del Estado (FGE).<\/p>\n\n\n\n<p>Eran las 22 horas con 50 minutos del jueves 23 de diciembre, cuando la presidenta de la Mesa Directiva, Flor A\u00f1orve Ocampo declar\u00f3 la clausura de una sesi\u00f3n que ya qued\u00f3 marcada para la posteridad, en la que se cumpli\u00f3 el peor escenario que diputados y aspirantes llegaron a plantear. &nbsp;<\/p>\n\n\n\n<p>El hecho de que los integrantes de la Junta de Coordinaci\u00f3n Pol\u00edtica (Jucopo), liderada por el morenista Alfredo S\u00e1nchez Esquivel no emitieran la fundamentaci\u00f3n del dictamen le\u00eddo por la Mesa Directiva, ya perfilaba una orientaci\u00f3n de como se desarrollar\u00eda la votaci\u00f3n.<\/p>\n\n\n\n<p>Tampoco hubo debate, porque ning\u00fan representante popular quiso hacer uso de la tribuna para hablar a favor o en contra de los integrantes de la terna.<\/p>\n\n\n\n<p>Los abogados propuestos; Anacleta L\u00f3pez Vega, Ludwid Marcial Reynoso N\u00fa\u00f1ez y Jos\u00e9 Luis Gallegos Peralta permanecieron en las instalaciones del Poder Legislativo quiz\u00e1 de manera involuntaria, porque desde las 11:30 horas, el inmueble fue cercado por trabajadores de planteles de colegios de bachilleres ubicados en Monta\u00f1a y Costa Chica, de tal suerte que resultaba imposible salir o entrar al edificio.&nbsp; &nbsp;<\/p>\n\n\n\n<p>El secretario de la Mesa, Joaqu\u00edn Badillo Escamilla dio cuenta del dictamen presentado por la Jucopo, en el que se indica que los tres propuestos; Anacleta L\u00f3pez, Jos\u00e9 Luis Gallegos y Ludwid Marcial hab\u00edan cumplido cabalmente con los requisitos planteados en la convocatoria emitida el 10 de noviembre, pero adem\u00e1s se hab\u00edan presentado a comparecer en el tiempo en que se les requiri\u00f3.<\/p>\n\n\n\n<p>La votaci\u00f3n por c\u00e9dula se abri\u00f3 a las 22 horas con 18 minutos y termin\u00f3 a las 22:32.<\/p>\n\n\n\n<p>La votaci\u00f3n m\u00e1s alta de los participantes la registr\u00f3 Anacleta L\u00f3pez, quien recibi\u00f3 el respaldo de 12 diputados; el subsecretario Ludwid Marcial Reynoso N\u00fa\u00f1ez 7 y el abogado Jos\u00e9 Luis Peralta 9.<\/p>\n\n\n\n<p>A los tres les ganaron los votos nulos, que fueron 17, lo que implica una acci\u00f3n hist\u00f3rica desde que la designaci\u00f3n del fiscal es una responsabilidad compartida entre el Gobierno de Guerrero y el Congreso.<\/p>\n\n\n\n<p>Votaron 45 diputados, de ellos se requer\u00eda que 31 lo hicieran a favor de uno de los integrantes de la terna.<\/p>\n\n\n\n<p>Ninguno alcanz\u00f3 la votaci\u00f3n requerida por el numeral 4 de la Constituci\u00f3n Pol\u00edtica del Estado, nadie alcanz\u00f3 la mayor\u00eda calificada.<\/p>\n\n\n\n<p>Por primera vez, el Congreso le rechaz\u00f3 una terna al Ejecutivo para el nombramiento del titular de la Fiscal\u00eda General del Estado (FGE).<\/p>\n\n\n\n<p>La presidenta de la Mesa, Flor A\u00f1orve Ocampo solicit\u00f3 que el resultado de la votaci\u00f3n se haga del conocimiento de la gobernadora Evelyn Salgado Pineda, para los efectos conducentes.<\/p>\n\n\n\n<p>Lo que sigue, es que la gobernadora, con base a sus atribuciones constitucionales realizar\u00e1 la designaci\u00f3n directa de la, o el pr\u00f3ximo titular de la FGE.<\/p>\n\n\n\n<p><strong>Hubo se\u00f1ales de alerta<\/strong><\/p>\n\n\n\n<p>Desde la jornada del mi\u00e9rcoles 22 de diciembre, el coordinador de los diputados del PRI, H\u00e9ctor Apreza Patr\u00f3n advirti\u00f3 que en caso de no llevar a buen puerto la designaci\u00f3n del fiscal, la responsabilidad ser\u00eda del presidente de la Jucopo.<\/p>\n\n\n\n<p>La misma tarde del jueves 23, despu\u00e9s de comparecer, el abogado Jos\u00e9 Luis Gallegos, uno de los propuestos por la gobernadora, advirti\u00f3 que ser\u00eda \u201cterrible\u201d si el Congreso no concretaba el nombramiento, pues provocar\u00eda que la gobernadora hiciera el trabajo de los diputados.<\/p>\n\n\n\n<p>La abogada Anacleta Catal\u00e1n declar\u00f3 que los tiempos se hab\u00edan apretado, pero que el Congreso estaba en la posibilidad de enmendar cualquier contratiempo y concretar el procedimiento de manera positiva.<\/p>\n\n\n\n<p>El subsecretario de Asuntos Pol\u00edticos del Gobierno estatal, Ludwid Marcial Reynoso manifest\u00f3 al termino de su comparecencia, que confiaba en el esfuerzo que los representantes populares hac\u00edan para lograr que la terna cumpliera con su objetivo.<\/p>\n","protected":false},"excerpt":{"rendered":"<p>&#8211; Ahora, ser\u00e1 la gobernadora quien designe libremente al titular de la instituci\u00f3n &#8211; \u201cSer\u00eda desastroso\u201d, advirti\u00f3 uno de los aspirantes, tras comparecer ante la Jucopo &#8211; Un d\u00eda antes,&hellip; <\/p>\n","protected":false},"author":19,"featured_media":39630,"comment_status":"open","ping_status":"open","sticky":false,"template":"","format":"standard","meta":{"fifu_image_url":"","fifu_image_alt":"","footnotes":""},"categories":[1],"tags":[],"class_list":["post-39629","post","type-post","status-publish","format-standard","has-post-thumbnail","hentry","category-uncategorized"],"_links":{"self":[{"href":"https:\/\/www.interaccionnoticias.com.mx\/index.php?rest_route=\/wp\/v2\/posts\/39629","targetHints":{"allow":["GET"]}}],"collection":[{"href":"https:\/\/www.interaccionnoticias.com.mx\/index.php?rest_route=\/wp\/v2\/posts"}],"about":[{"href":"https:\/\/www.interaccionnoticias.com.mx\/index.php?rest_route=\/wp\/v2\/types\/post"}],"author":[{"embeddable":true,"href":"https:\/\/www.interaccionnoticias.com.mx\/index.php?rest_route=\/wp\/v2\/users\/19"}],"replies":[{"embeddable":true,"href":"https:\/\/www.interaccionnoticias.com.mx\/index.php?rest_route=%2Fwp%2Fv2%2Fcomments&post=39629"}],"version-history":[{"count":1,"href":"https:\/\/www.interaccionnoticias.com.mx\/index.php?rest_route=\/wp\/v2\/posts\/39629\/revisions"}],"predecessor-version":[{"id":39634,"href":"https:\/\/www.interaccionnoticias.com.mx\/index.php?rest_route=\/wp\/v2\/posts\/39629\/revisions\/39634"}],"wp:featuredmedia":[{"embeddable":true,"href":"https:\/\/www.interaccionnoticias.com.mx\/index.php?rest_route=\/wp\/v2\/media\/39630"}],"wp:attachment":[{"href":"https:\/\/www.interaccionnoticias.com.mx\/index.php?rest_route=%2Fwp%2Fv2%2Fmedia&parent=39629"}],"wp:term":[{"taxonomy":"category","embeddable":true,"href":"https:\/\/www.interaccionnoticias.com.mx\/index.php?rest_route=%2Fwp%2Fv2%2Fcategories&post=39629"},{"taxonomy":"post_tag","embeddable":true,"href":"https:\/\/www.interaccionnoticias.com.mx\/index.php?rest_route=%2Fwp%2Fv2%2Ftags&post=39629"}],"curies":[{"name":"wp","href":"https:\/\/api.w.org\/{rel}","templated":true}]}}