{"id":39624,"date":"2021-12-23T18:42:16","date_gmt":"2021-12-24T00:42:16","guid":{"rendered":"https:\/\/interaccionnoticias.com.mx\/?p=39624"},"modified":"2021-12-23T18:42:21","modified_gmt":"2021-12-24T00:42:21","slug":"fatal-y-desastroso-que-el-congreso-no-nombre-al-fiscal","status":"publish","type":"post","link":"https:\/\/www.interaccionnoticias.com.mx\/?p=39624","title":{"rendered":"Fatal y desastroso, que el Congreso no nombre al fiscal"},"content":{"rendered":"\n<p><strong><em>&#8211; Obligar\u00eda que la gobernadora hiciera el trabajo de los diputados \u00a0<\/em><\/strong><\/p>\n\n\n\n<p><strong>Rogelio Agust\u00edn<\/strong><\/p>\n\n\n\n<p>\u201cSer\u00eda fatal, desastroso, que el Congreso no cumpla con su responsabilidad de nombrar al titular de la Fiscal\u00eda General del Estado (FGE), pues obligar\u00eda a que la gobernadora Evelyn Salgado Pineda \u201cles hiciera su trabajo y viniera a salvar al Congreso\u201d.<\/p>\n\n\n\n<p>Gallegos Peralta dijo que hasta el momento, el Congreso ha cumplido con los tiempos que marca la ley.<\/p>\n\n\n\n<p>&nbsp;\u201cEn la raya, pero ha cumplido\u201d, en alusi\u00f3n a lo apretado de los tiempos en que se encuentra el procedimiento.<\/p>\n\n\n\n<p>Record\u00f3 que para designar al fiscal se necesitan 31 votos de 46 diputados, lo que representa una mayor\u00eda calificada.&nbsp;<\/p>\n\n\n\n<p>Tambi\u00e9n reconoci\u00f3 que puede llegarse al final sin que los diputados se pongan de acuerdo, lo que implica que el Congreso regresar\u00eda la terna al Ejecutivo, para que entonces, la gobernadora Evelyn Salgado Pineda realice una designaci\u00f3n de manera directa.&nbsp; &nbsp;<\/p>\n\n\n\n<p>Y respecto al riesgo de que venza el t\u00e9rmino legal sin que se cumpla el compromiso que impone la Constituci\u00f3n, Gallegos Peralta anot\u00f3: \u201cSer\u00eda fatal y desastroso para el Congreso del Estado, que (los diputados) no se pusieran de acuerdo, porque el mensaje que estar\u00edan mandando a la sociedad, es que si ellos (los diputados) no se pueden poner de acuerdo, pues todos los dem\u00e1s ciudadanos tristes mortales de a pie, tampoco nos vamos a poner de acuerdo\u201d.<\/p>\n\n\n\n<p>Enfatiz\u00f3: \u201cSer\u00eda terrible y fatal que no surgiera el fiscal del Pleno del Congreso y que viniera la gobernadora a hacerles su trabajo y hacerles la plana y ella nombrara un fiscal\u201d.<\/p>\n\n\n\n<p>\u201cVendr\u00eda a salvar al Congreso<\/p>\n","protected":false},"excerpt":{"rendered":"<p>&#8211; Obligar\u00eda que la gobernadora hiciera el trabajo de los diputados \u00a0 Rogelio Agust\u00edn \u201cSer\u00eda fatal, desastroso, que el Congreso no cumpla con su responsabilidad de nombrar al titular de&hellip; <\/p>\n","protected":false},"author":21,"featured_media":39621,"comment_status":"open","ping_status":"open","sticky":false,"template":"","format":"standard","meta":{"fifu_image_url":"","fifu_image_alt":"","footnotes":""},"categories":[2],"tags":[225,226],"class_list":["post-39624","post","type-post","status-publish","format-standard","has-post-thumbnail","hentry","category-congreso","tag-fiscalia-general-del-estado","tag-junta-de-coordinacion-politica"],"_links":{"self":[{"href":"https:\/\/www.interaccionnoticias.com.mx\/index.php?rest_route=\/wp\/v2\/posts\/39624","targetHints":{"allow":["GET"]}}],"collection":[{"href":"https:\/\/www.interaccionnoticias.com.mx\/index.php?rest_route=\/wp\/v2\/posts"}],"about":[{"href":"https:\/\/www.interaccionnoticias.com.mx\/index.php?rest_route=\/wp\/v2\/types\/post"}],"author":[{"embeddable":true,"href":"https:\/\/www.interaccionnoticias.com.mx\/index.php?rest_route=\/wp\/v2\/users\/21"}],"replies":[{"embeddable":true,"href":"https:\/\/www.interaccionnoticias.com.mx\/index.php?rest_route=%2Fwp%2Fv2%2Fcomments&post=39624"}],"version-history":[{"count":1,"href":"https:\/\/www.interaccionnoticias.com.mx\/index.php?rest_route=\/wp\/v2\/posts\/39624\/revisions"}],"predecessor-version":[{"id":39625,"href":"https:\/\/www.interaccionnoticias.com.mx\/index.php?rest_route=\/wp\/v2\/posts\/39624\/revisions\/39625"}],"wp:featuredmedia":[{"embeddable":true,"href":"https:\/\/www.interaccionnoticias.com.mx\/index.php?rest_route=\/wp\/v2\/media\/39621"}],"wp:attachment":[{"href":"https:\/\/www.interaccionnoticias.com.mx\/index.php?rest_route=%2Fwp%2Fv2%2Fmedia&parent=39624"}],"wp:term":[{"taxonomy":"category","embeddable":true,"href":"https:\/\/www.interaccionnoticias.com.mx\/index.php?rest_route=%2Fwp%2Fv2%2Fcategories&post=39624"},{"taxonomy":"post_tag","embeddable":true,"href":"https:\/\/www.interaccionnoticias.com.mx\/index.php?rest_route=%2Fwp%2Fv2%2Ftags&post=39624"}],"curies":[{"name":"wp","href":"https:\/\/api.w.org\/{rel}","templated":true}]}}