{"id":39557,"date":"2021-12-22T11:28:27","date_gmt":"2021-12-22T17:28:27","guid":{"rendered":"https:\/\/interaccionnoticias.com.mx\/?p=39557"},"modified":"2021-12-22T11:28:32","modified_gmt":"2021-12-22T17:28:32","slug":"agendan-la-comparecencia-de-los-abogados-propuestos-para-la-fiscalia-de-guerrero","status":"publish","type":"post","link":"https:\/\/www.interaccionnoticias.com.mx\/?p=39557","title":{"rendered":"Agendan la comparecencia de los abogados propuestos para la Fiscal\u00eda de Guerrero"},"content":{"rendered":"\n<p><strong>&#8211; En el \u00faltimo d\u00eda que la ley establece para agotar el procedimiento legislativo<\/strong><\/p>\n\n\n\n<p><strong>Rogelio Agust\u00edn<\/strong><\/p>\n\n\n\n<p>La terna de aspirantes a la Fiscal\u00eda General del Estado (FGE) comparecer\u00e1 ante la Junta de Coordinaci\u00f3n Pol\u00edtica (Jucopo) pasado el mediod\u00eda del jueves 23 de diciembre, fecha en que vence el plazo legal para designar al titular del \u00f3rgano encargado de la persecuci\u00f3n de los delitos.<\/p>\n\n\n\n<p>De acuerdo con un oficio emitido por el presidente de la Jucopo, Alfredo S\u00e1nchez Esquivel, los abogados propuestos por la gobernadora Evelyn Salgado Pineda est\u00e1n convocados para comparecer a partir de las 12:00 horas del jueves.<\/p>\n\n\n\n<p>En un primer momento se realizar\u00e1 el pase de lista y la declaratoria de qu\u00f3rum, que correr\u00e1 a cargo del diputado S\u00e1nchez Esquivel, en su calidad de presidente de la Jucopo.<\/p>\n\n\n\n<p>Se har\u00e1 una explicaci\u00f3n de la metodolog\u00eda de las comparecencias y luego vendr\u00e1 el desarrollo, en el que se considera espacio para preguntas y respuestas.<\/p>\n\n\n\n<p>La \u00fanica mujer participante en el procedimiento, Anacleta L\u00f3pez Vega comenzar\u00e1 a las 12:00 horas, el subsecretario de Gobierno para Asuntos Pol\u00edticos, Ludwid Marcial Reynoso N\u00fa\u00f1ez a las 12:40 y Jos\u00e9 Luis Gallegos Peralta a las 12:41.<\/p>\n\n\n\n<p>De acuerdo con el documento emitido por la jucopo, la comparecencia del subsecretario de Asuntos Pol\u00edticos durar\u00eda escasamente un minuto.<\/p>\n\n\n\n<p>La gobernadora Evelyn Salgado Pineda envi\u00f3 la terna al Congreso el pasado 13 de diciembre, de tal suerte que el plazo de diez d\u00edas que otorga la ley al Congreso para culminar la designaci\u00f3n de nuevo fiscal, vence este jueves 23.<\/p>\n","protected":false},"excerpt":{"rendered":"<p>&#8211; En el \u00faltimo d\u00eda que la ley establece para agotar el procedimiento legislativo Rogelio Agust\u00edn La terna de aspirantes a la Fiscal\u00eda General del Estado (FGE) comparecer\u00e1 ante la&hellip; <\/p>\n","protected":false},"author":21,"featured_media":39558,"comment_status":"open","ping_status":"open","sticky":false,"template":"","format":"standard","meta":{"fifu_image_url":"","fifu_image_alt":"","footnotes":""},"categories":[2],"tags":[],"class_list":["post-39557","post","type-post","status-publish","format-standard","has-post-thumbnail","hentry","category-congreso"],"_links":{"self":[{"href":"https:\/\/www.interaccionnoticias.com.mx\/index.php?rest_route=\/wp\/v2\/posts\/39557","targetHints":{"allow":["GET"]}}],"collection":[{"href":"https:\/\/www.interaccionnoticias.com.mx\/index.php?rest_route=\/wp\/v2\/posts"}],"about":[{"href":"https:\/\/www.interaccionnoticias.com.mx\/index.php?rest_route=\/wp\/v2\/types\/post"}],"author":[{"embeddable":true,"href":"https:\/\/www.interaccionnoticias.com.mx\/index.php?rest_route=\/wp\/v2\/users\/21"}],"replies":[{"embeddable":true,"href":"https:\/\/www.interaccionnoticias.com.mx\/index.php?rest_route=%2Fwp%2Fv2%2Fcomments&post=39557"}],"version-history":[{"count":1,"href":"https:\/\/www.interaccionnoticias.com.mx\/index.php?rest_route=\/wp\/v2\/posts\/39557\/revisions"}],"predecessor-version":[{"id":39559,"href":"https:\/\/www.interaccionnoticias.com.mx\/index.php?rest_route=\/wp\/v2\/posts\/39557\/revisions\/39559"}],"wp:featuredmedia":[{"embeddable":true,"href":"https:\/\/www.interaccionnoticias.com.mx\/index.php?rest_route=\/wp\/v2\/media\/39558"}],"wp:attachment":[{"href":"https:\/\/www.interaccionnoticias.com.mx\/index.php?rest_route=%2Fwp%2Fv2%2Fmedia&parent=39557"}],"wp:term":[{"taxonomy":"category","embeddable":true,"href":"https:\/\/www.interaccionnoticias.com.mx\/index.php?rest_route=%2Fwp%2Fv2%2Fcategories&post=39557"},{"taxonomy":"post_tag","embeddable":true,"href":"https:\/\/www.interaccionnoticias.com.mx\/index.php?rest_route=%2Fwp%2Fv2%2Ftags&post=39557"}],"curies":[{"name":"wp","href":"https:\/\/api.w.org\/{rel}","templated":true}]}}