{"id":39524,"date":"2021-12-21T17:06:45","date_gmt":"2021-12-21T23:06:45","guid":{"rendered":"https:\/\/interaccionnoticias.com.mx\/?p=39524"},"modified":"2021-12-21T17:06:50","modified_gmt":"2021-12-21T23:06:50","slug":"esquivel-el-congreso-puede-rechazar-la-terna-propuesta-para-ocupar-la-fiscalia-de-guerrero","status":"publish","type":"post","link":"https:\/\/www.interaccionnoticias.com.mx\/?p=39524","title":{"rendered":"Esquivel: \u201cEl Congreso puede rechazar la terna propuesta para ocupar la Fiscal\u00eda de Guerrero\u201d"},"content":{"rendered":"\n<p><strong><em>&#8211; Eso implica que el procedimiento quedar\u00eda en manos de la gobernadora<\/em><\/strong>\u00a0\u00a0 \u00a0<\/p>\n\n\n\n<p><strong>Rogelio Agust\u00edn<\/strong><\/p>\n\n\n\n<p>El presidente de la Junta de Coordinaci\u00f3n Pol\u00edtica (Jucopo) del Congreso local, Alfredo S\u00e1nchez Esquivel reconoci\u00f3 que la mayor\u00eda de diputados puede rechazar la terna de abogados que la gobernadora, Evelyn Salgado Pineda propuso para ocupar la Fiscal\u00eda General del Estado (FGE).<\/p>\n\n\n\n<p>Este martes, el tambi\u00e9n coordinador de la bancada de Morena reconoci\u00f3 que la fecha l\u00edmite para culminar el procedimiento encaminado a designar al nuevo titular de la FGE vence el pr\u00f3ximo jueves 23 de diciembre.<\/p>\n\n\n\n<p>Indic\u00f3 que al seno de la Jucopo, se trabaja para acordar un calendario de comparecencias que se podr\u00eda desahogar para este mi\u00e9rcoles 22, aunque hasta la tarde del martes 21 todav\u00eda no se alcanzaba un acuerdo.<\/p>\n\n\n\n<p>Indic\u00f3 que se trata de generar el espacio suficiente para que los aspirantes propuestos por la gobernadora presenten un plan de trabajo, realicen una exposici\u00f3n y muestren el nivel de conocimiento que tienen de la instituci\u00f3n que pretenden dirigir.<\/p>\n\n\n\n<p>A pregunta expresa, dijo que las comparecencias deben realizarse de manera individual, casi descart\u00f3 que se puedan transmitir y se\u00f1al\u00f3 que en caso de avanzar, el pr\u00f3ximo jueves se tendr\u00eda que presentar un dictamen al Pleno, para saber si alguno de los abogados alcanza el respaldo de la mayor\u00eda calificada del Congreso, que equivale a 31 diputados.<\/p>\n\n\n\n<p>Respecto a la posibilidad de que se rechace la terna integrada por Anacleta L\u00f3pez Vega; Jos\u00e9 Luis Gallegos Peralta y Ludwid Marcial Reynoso N\u00fa\u00f1ez, el diputado S\u00e1nchez Esquivel admiti\u00f3 que se trata de un escenario real.<\/p>\n\n\n\n<p>Explic\u00f3: \u201c A nosotros nos lleg\u00f3 una terna; podemos aprobar a alguno de ellos siempre y cuando cuente con los 31 (diputados), pero tambi\u00e9n podemos rechazar la terna completa por parte del Congreso, y actuar conforme marca la ley\u201d.<\/p>\n\n\n\n<p>Lo que marca la ley, de acuerdo con el coordinador de la bancada morenista, es que el procedimiento lo atienda la gobernadora Evelyn Salgado Pineda, aunque eso implica mandar un mensaje de que ninguno de los propuestos cumpli\u00f3 con las expectativas del Congreso.<\/p>\n\n\n\n<p>La fecha l\u00edmite para culminar el procedimiento, indic\u00f3 que es el pr\u00f3ximo jueves 23.<\/p>\n","protected":false},"excerpt":{"rendered":"<p>&#8211; Eso implica que el procedimiento quedar\u00eda en manos de la gobernadora\u00a0\u00a0 \u00a0 Rogelio Agust\u00edn El presidente de la Junta de Coordinaci\u00f3n Pol\u00edtica (Jucopo) del Congreso local, Alfredo S\u00e1nchez Esquivel&hellip; <\/p>\n","protected":false},"author":21,"featured_media":39525,"comment_status":"open","ping_status":"open","sticky":false,"template":"","format":"standard","meta":{"fifu_image_url":"","fifu_image_alt":"","footnotes":""},"categories":[2],"tags":[],"class_list":["post-39524","post","type-post","status-publish","format-standard","has-post-thumbnail","hentry","category-congreso"],"_links":{"self":[{"href":"https:\/\/www.interaccionnoticias.com.mx\/index.php?rest_route=\/wp\/v2\/posts\/39524","targetHints":{"allow":["GET"]}}],"collection":[{"href":"https:\/\/www.interaccionnoticias.com.mx\/index.php?rest_route=\/wp\/v2\/posts"}],"about":[{"href":"https:\/\/www.interaccionnoticias.com.mx\/index.php?rest_route=\/wp\/v2\/types\/post"}],"author":[{"embeddable":true,"href":"https:\/\/www.interaccionnoticias.com.mx\/index.php?rest_route=\/wp\/v2\/users\/21"}],"replies":[{"embeddable":true,"href":"https:\/\/www.interaccionnoticias.com.mx\/index.php?rest_route=%2Fwp%2Fv2%2Fcomments&post=39524"}],"version-history":[{"count":1,"href":"https:\/\/www.interaccionnoticias.com.mx\/index.php?rest_route=\/wp\/v2\/posts\/39524\/revisions"}],"predecessor-version":[{"id":39527,"href":"https:\/\/www.interaccionnoticias.com.mx\/index.php?rest_route=\/wp\/v2\/posts\/39524\/revisions\/39527"}],"wp:featuredmedia":[{"embeddable":true,"href":"https:\/\/www.interaccionnoticias.com.mx\/index.php?rest_route=\/wp\/v2\/media\/39525"}],"wp:attachment":[{"href":"https:\/\/www.interaccionnoticias.com.mx\/index.php?rest_route=%2Fwp%2Fv2%2Fmedia&parent=39524"}],"wp:term":[{"taxonomy":"category","embeddable":true,"href":"https:\/\/www.interaccionnoticias.com.mx\/index.php?rest_route=%2Fwp%2Fv2%2Fcategories&post=39524"},{"taxonomy":"post_tag","embeddable":true,"href":"https:\/\/www.interaccionnoticias.com.mx\/index.php?rest_route=%2Fwp%2Fv2%2Ftags&post=39524"}],"curies":[{"name":"wp","href":"https:\/\/api.w.org\/{rel}","templated":true}]}}