{"id":39510,"date":"2021-12-21T13:19:47","date_gmt":"2021-12-21T19:19:47","guid":{"rendered":"https:\/\/interaccionnoticias.com.mx\/?p=39510"},"modified":"2021-12-21T13:19:52","modified_gmt":"2021-12-21T19:19:52","slug":"jubilados-y-pensionados-marchan-en-chilpancingo","status":"publish","type":"post","link":"https:\/\/www.interaccionnoticias.com.mx\/?p=39510","title":{"rendered":"Jubilados y pensionados marchan en Chilpancingo"},"content":{"rendered":"\n<p><strong><em>&#8211; Exigen pago de bono de fin de a\u00f1o<\/em><\/strong>\u00a0<\/p>\n\n\n\n<p><strong>Jes\u00fas Dorantes<\/strong><\/p>\n\n\n\n<p><strong>Chilpancingo , Gro .-<\/strong> Jubilados y pensionados de la Delegaci\u00f3n D-IV-14 del estado de Guerrero marchan en Chilpancingo para exigir el pago del bono que la federaci\u00f3n les otorga cada mes de diciembre.<\/p>\n\n\n\n<p>La jornada de este martes, decenas de jubilados y pensionados se dieron&nbsp;&nbsp;cita en la Alameda Central Granados Maldonado, d\u00f3nde iniciaron su marcha por las principales avenidas&nbsp;&nbsp;de Chilpancingo.<\/p>\n\n\n\n<p>Como fue anunciado ayer por el secretario de la delegaci\u00f3n central, \u00c1ngel Silva Narciso la exigencia de sus protesta es el pago inmediato del bono del mes de diciembre, que asciende a 9 mil pesos para cada ex trabajador.<\/p>\n\n\n\n<p>Dicho pago se les debi\u00f3 entregar desde el 17 de diciembre y se les asegur\u00f3 que el pr\u00f3ximo 22 se cubrir\u00eda el adeudo, pero ante la falta de respuesta de las autoridades, tanto del estado como de la federaci\u00f3n, se tom\u00f3 la decisi\u00f3n de iniciar una jornada de protestas a partir de este martes.<\/p>\n\n\n\n<p>Iniciaron en el municipio de&nbsp;&nbsp;Chilpancingo y el d\u00eda de ma\u00f1ana seguir\u00e1n en el puerto de Acapulco, Costa Grande, Costa Chica y postetiormente en la Monta\u00f1a, adem\u00e1s de que se tienen programados bloqueos carreteros por parte de los 23 mil jubilados y pensionados de todo el estado.<\/p>\n\n\n\n<p><\/p>\n","protected":false},"excerpt":{"rendered":"<p>&#8211; Exigen pago de bono de fin de a\u00f1o\u00a0 Jes\u00fas Dorantes Chilpancingo , Gro .- Jubilados y pensionados de la Delegaci\u00f3n D-IV-14 del estado de Guerrero marchan en Chilpancingo para&hellip; <\/p>\n","protected":false},"author":8,"featured_media":39507,"comment_status":"open","ping_status":"open","sticky":false,"template":"","format":"standard","meta":{"fifu_image_url":"","fifu_image_alt":"","footnotes":""},"categories":[15],"tags":[],"class_list":["post-39510","post","type-post","status-publish","format-standard","has-post-thumbnail","hentry","category-movimientos-sociales"],"_links":{"self":[{"href":"https:\/\/www.interaccionnoticias.com.mx\/index.php?rest_route=\/wp\/v2\/posts\/39510","targetHints":{"allow":["GET"]}}],"collection":[{"href":"https:\/\/www.interaccionnoticias.com.mx\/index.php?rest_route=\/wp\/v2\/posts"}],"about":[{"href":"https:\/\/www.interaccionnoticias.com.mx\/index.php?rest_route=\/wp\/v2\/types\/post"}],"author":[{"embeddable":true,"href":"https:\/\/www.interaccionnoticias.com.mx\/index.php?rest_route=\/wp\/v2\/users\/8"}],"replies":[{"embeddable":true,"href":"https:\/\/www.interaccionnoticias.com.mx\/index.php?rest_route=%2Fwp%2Fv2%2Fcomments&post=39510"}],"version-history":[{"count":1,"href":"https:\/\/www.interaccionnoticias.com.mx\/index.php?rest_route=\/wp\/v2\/posts\/39510\/revisions"}],"predecessor-version":[{"id":39511,"href":"https:\/\/www.interaccionnoticias.com.mx\/index.php?rest_route=\/wp\/v2\/posts\/39510\/revisions\/39511"}],"wp:featuredmedia":[{"embeddable":true,"href":"https:\/\/www.interaccionnoticias.com.mx\/index.php?rest_route=\/wp\/v2\/media\/39507"}],"wp:attachment":[{"href":"https:\/\/www.interaccionnoticias.com.mx\/index.php?rest_route=%2Fwp%2Fv2%2Fmedia&parent=39510"}],"wp:term":[{"taxonomy":"category","embeddable":true,"href":"https:\/\/www.interaccionnoticias.com.mx\/index.php?rest_route=%2Fwp%2Fv2%2Fcategories&post=39510"},{"taxonomy":"post_tag","embeddable":true,"href":"https:\/\/www.interaccionnoticias.com.mx\/index.php?rest_route=%2Fwp%2Fv2%2Ftags&post=39510"}],"curies":[{"name":"wp","href":"https:\/\/api.w.org\/{rel}","templated":true}]}}