{"id":3950,"date":"2017-05-03T18:57:54","date_gmt":"2017-05-03T23:57:54","guid":{"rendered":"http:\/\/www.inter-accion.com.mx\/?p=3950"},"modified":"2017-05-03T18:57:54","modified_gmt":"2017-05-03T23:57:54","slug":"investiga-la-fge-los-hechos-en-que-un-comandante-de-la-policia-preventiva-de-tixtla-fue-descuartizado","status":"publish","type":"post","link":"https:\/\/www.interaccionnoticias.com.mx\/?p=3950","title":{"rendered":"Investiga la FGE los hechos en que un comandante de la Polic\u00eda Preventiva de Tixtla fue descuartizado"},"content":{"rendered":"<p>* Sus restos fueron tirados en Chilpancingo<br \/>\n&nbsp;<br \/>\nLa Fiscal\u00eda General del Estado (FGE) ya investiga los hechos en que fue privado de la libertad y despu\u00e9s asesinado Daniel V\u00e1zquez Guti\u00e9rrez, comandante de la Polic\u00eda Preventiva Municipal de Tixtla, cuyo cuerpo fue desmembrado y tirado en el centro de Chilpancingo.<br \/>\n&nbsp;A 12 horas de que un grupo de sicarios lo levantara en la cabecera municipal de Tixtla lo levantara, el cuerpo de V\u00e1zquez Guti\u00e9rrez fue encontrado segmentado en cuatro bolsas de pl\u00e1stico color negras, a poco m\u00e1s de 20 kil\u00f3metros de donde fue levantado por integrantes del crimen organizado. &nbsp;&nbsp;&nbsp;&nbsp;&nbsp;&nbsp;<br \/>\nAproximadamente a las 07:40 horas del martes 2 de mayo, el comandante V\u00e1zquez Guti\u00e9rrez fue privado de la libertad tras un enfrentamiento a balazos con civiles armados en la cabecera municipal de Tixtla.<br \/>\nEl jefe policiaco fue llevado por la fuerza hacia la salida que comunica con Chilapa, lo que desat\u00f3 un operativo de b\u00fasqueda por parte del Ej\u00e9rcito Mexicano y la Polic\u00eda del Estado, el cual no aport\u00f3 resultados positivos.<br \/>\nPara las 20:00 horas del mismo martes, en la calle Nicol\u00e1s Bravo, en el centro de Chilpancingo se confirm\u00f3 el hallazgo de cuatro bolsas con restos humanos.<br \/>\nEl personal del Servicio M\u00e9dico Forense (SEMEFO) indic\u00f3 que se trataba de un solo cuerpo, el cual fue levantado en calidad de desconocido.<br \/>\nDurante la madrugada del mi\u00e9rcoles 3 de abril, el forense confirm\u00f3 que el cuerpo descuartizado correspond\u00eda al comandante de la preventiva de Tixtla, mismo que fue reclamado por su familia.<br \/>\nEn conferencia de prensa, el alcalde de Chilpancingo, Marco Antonio Leyva Mena indic\u00f3 que se impulsan las acciones encaminadas a impedir que la capital sea utilizada como un tiradero de cad\u00e1veres, dada la confrontaci\u00f3n que existe entre los grupos que se disputan el corredor que va hacia Chilapa.<br \/>\nEl vocero del Grupo de Coordinaci\u00f3n Guerrero (GCG), Roberto Alvarez Heredia confirm\u00f3 que los restos encontrados en Chilpancingo correspond\u00edan al del mando polic\u00edaco levantado en Tixtla, por lo que ya est\u00e1 en marcha una investigaci\u00f3n por el delito de homicidio doloso.<\/p>\n","protected":false},"excerpt":{"rendered":"<p>* Sus restos fueron tirados en Chilpancingo &nbsp; La Fiscal\u00eda General del Estado (FGE) ya investiga los hechos en que fue privado de la libertad y despu\u00e9s asesinado Daniel V\u00e1zquez&hellip; <\/p>\n","protected":false},"author":1,"featured_media":0,"comment_status":"open","ping_status":"open","sticky":false,"template":"","format":"standard","meta":{"fifu_image_url":"","fifu_image_alt":"","footnotes":""},"categories":[8,27],"tags":[],"class_list":["post-3950","post","type-post","status-publish","format-standard","hentry","category-featured","category-seguridad-publica"],"_links":{"self":[{"href":"https:\/\/www.interaccionnoticias.com.mx\/index.php?rest_route=\/wp\/v2\/posts\/3950","targetHints":{"allow":["GET"]}}],"collection":[{"href":"https:\/\/www.interaccionnoticias.com.mx\/index.php?rest_route=\/wp\/v2\/posts"}],"about":[{"href":"https:\/\/www.interaccionnoticias.com.mx\/index.php?rest_route=\/wp\/v2\/types\/post"}],"author":[{"embeddable":true,"href":"https:\/\/www.interaccionnoticias.com.mx\/index.php?rest_route=\/wp\/v2\/users\/1"}],"replies":[{"embeddable":true,"href":"https:\/\/www.interaccionnoticias.com.mx\/index.php?rest_route=%2Fwp%2Fv2%2Fcomments&post=3950"}],"version-history":[{"count":0,"href":"https:\/\/www.interaccionnoticias.com.mx\/index.php?rest_route=\/wp\/v2\/posts\/3950\/revisions"}],"wp:attachment":[{"href":"https:\/\/www.interaccionnoticias.com.mx\/index.php?rest_route=%2Fwp%2Fv2%2Fmedia&parent=3950"}],"wp:term":[{"taxonomy":"category","embeddable":true,"href":"https:\/\/www.interaccionnoticias.com.mx\/index.php?rest_route=%2Fwp%2Fv2%2Fcategories&post=3950"},{"taxonomy":"post_tag","embeddable":true,"href":"https:\/\/www.interaccionnoticias.com.mx\/index.php?rest_route=%2Fwp%2Fv2%2Ftags&post=3950"}],"curies":[{"name":"wp","href":"https:\/\/api.w.org\/{rel}","templated":true}]}}