{"id":39495,"date":"2021-12-20T23:03:20","date_gmt":"2021-12-21T05:03:20","guid":{"rendered":"https:\/\/interaccionnoticias.com.mx\/?p=39495"},"modified":"2021-12-20T23:03:25","modified_gmt":"2021-12-21T05:03:25","slug":"esta-garantizado-el-fondo-de-apoyo-a-los-periodistas-evelyn-salgado","status":"publish","type":"post","link":"https:\/\/www.interaccionnoticias.com.mx\/?p=39495","title":{"rendered":"Est\u00e1 garantizado el Fondo de Apoyo a los Periodistas Evelyn Salgado"},"content":{"rendered":"\n<p><strong>Dr. Trinidad Zamaconat L\u00f3pez<em>.<\/em><\/strong><\/p>\n\n\n\n<p>En una entrega anterior hab\u00edamos dicho que el Fondo de Apoyo a los Periodistas (FAP) estaba en riesgo de desaparecer, pues no hab\u00eda sido incluido en el presupuesto de egresos por parte de la dependencia de donde se maneja dicho fondo.<\/p>\n\n\n\n<p>Eso representaba un gran riesgo para los comunicadores, sin embargo el d\u00eda s\u00e1bado la Gobernadora se reuni\u00f3 en casa Guerrero con periodistas, directivo y editores de los diferentes medios de comunicaci\u00f3n de todas las regiones de la entidad, con ellos desayun\u00f3 en un hecho in\u00e9dito que organiz\u00f3 de manera atinada el Director de Comunicaci\u00f3n Social Ren\u00e9 Posselt Aguirre, quien mantiene una excelente relaci\u00f3n con todos los medios de comunicaci\u00f3n, ah\u00ed la gobernadora realiz\u00f3 anuncios importantes.<\/p>\n\n\n\n<p>Mencion\u00f3 que el Fondo de Apoyo a los Periodistas no desaparece al contrario anunci\u00f3 que lo va a mejorar para el a\u00f1o 2022, esto podr\u00eda ser lo m\u00e1s relevante de dicho evento con los comunicadores, un encuentro in\u00e9dito con todos los que siguen la actividades de la mandataria estatal.<\/p>\n\n\n\n<p>El Director de Comunicaci\u00f3n Social, Posselt Aguirre, estaba atento a las indicaciones de la Gobernadora, a quien le instruy\u00f3 que atendiera a los comunicadores con calidez, sin sectarismo y de forma plural, al mismo tiempo Salgado Pineda, record\u00f3 que su padre el Senador F\u00e9lix Salgado fue en alg\u00fan tiempo periodista, por lo que dijo que reconoc\u00eda la actividad que estos realizan, valoro su trabajo que muchas de las veces la realizan con jornadas laborales intensas que he presenciado.<\/p>\n\n\n\n<p>Se declar\u00f3 alidada de los comunicadores, mencion\u00f3 que de su parte como mandataria estatal siempre habr\u00e1 una absoluta libertad a su trabajo acot\u00f3, ah\u00ed mismo les dijo que los principios de \u201cno robar, no mentir, no traicionar, se sumar\u00e1 el de no represi\u00f3n contra los periodistas\u201d con eso qued\u00f3 claro que la libertad de expresi\u00f3n y de comunicaci\u00f3n de las ideas est\u00e1 garantizada.<\/p>\n\n\n\n<p>Les anunci\u00f3 que su gobierno est\u00e1 abierto a la cr\u00edtica, adem\u00e1s de instruir a su gabinete a trav\u00e9s del Director de Comunicaci\u00f3n Social Posselt Aguirre, de que informen y traten bien a los periodistas, esa es una instrucci\u00f3n recalco, adem\u00e1s les dijo, \u201cleo sus mensajes en las redes sociales, ya de muy madrugada reviso las redes y plataformas sociales para ver sus comentarios y donde tenga que corregir lo har\u00e9 porque sus criticas me ayudan a mejorar la funci\u00f3n de este gobierno\u201d.<\/p>\n\n\n\n<p>Tambi\u00e9n aludi\u00f3 que mantiene un di\u00e1logo permanente con varios periodistas que est\u00e1n desplazados por su ejercicio profesional, a quienes les mando el mensaje de vamos a seguirles apoyando para que sigan ejerciendo su trabajo, y que en lo que me corresponda lo har\u00e9 de manera puntual, para garantizar el libre ejercicio a la libertad de expresi\u00f3n, termin\u00f3 su mensaje dese\u00e1ndoles a todos los comunicadores una feliz navidad y un pr\u00f3spero a\u00f1o nuevo para todos sus familiares, posterior a ello pas\u00f3 mesa por mesa a saludarlos a cada uno de los que asistieron al desayuno en un hecho que jam\u00e1s se hab\u00eda realizado, convers\u00f3 y escucho a algunos de forma individual, este ejercicio se har\u00e1 de manera constante anunci\u00f3 Posselt Aguirre.<\/p>\n","protected":false},"excerpt":{"rendered":"<p>Dr. Trinidad Zamaconat L\u00f3pez. En una entrega anterior hab\u00edamos dicho que el Fondo de Apoyo a los Periodistas (FAP) estaba en riesgo de desaparecer, pues no hab\u00eda sido incluido en&hellip; <\/p>\n","protected":false},"author":24,"featured_media":39128,"comment_status":"open","ping_status":"open","sticky":false,"template":"","format":"standard","meta":{"fifu_image_url":"","fifu_image_alt":"","footnotes":""},"categories":[16],"tags":[],"class_list":["post-39495","post","type-post","status-publish","format-standard","has-post-thumbnail","hentry","category-opinion"],"_links":{"self":[{"href":"https:\/\/www.interaccionnoticias.com.mx\/index.php?rest_route=\/wp\/v2\/posts\/39495","targetHints":{"allow":["GET"]}}],"collection":[{"href":"https:\/\/www.interaccionnoticias.com.mx\/index.php?rest_route=\/wp\/v2\/posts"}],"about":[{"href":"https:\/\/www.interaccionnoticias.com.mx\/index.php?rest_route=\/wp\/v2\/types\/post"}],"author":[{"embeddable":true,"href":"https:\/\/www.interaccionnoticias.com.mx\/index.php?rest_route=\/wp\/v2\/users\/24"}],"replies":[{"embeddable":true,"href":"https:\/\/www.interaccionnoticias.com.mx\/index.php?rest_route=%2Fwp%2Fv2%2Fcomments&post=39495"}],"version-history":[{"count":1,"href":"https:\/\/www.interaccionnoticias.com.mx\/index.php?rest_route=\/wp\/v2\/posts\/39495\/revisions"}],"predecessor-version":[{"id":39496,"href":"https:\/\/www.interaccionnoticias.com.mx\/index.php?rest_route=\/wp\/v2\/posts\/39495\/revisions\/39496"}],"wp:featuredmedia":[{"embeddable":true,"href":"https:\/\/www.interaccionnoticias.com.mx\/index.php?rest_route=\/wp\/v2\/media\/39128"}],"wp:attachment":[{"href":"https:\/\/www.interaccionnoticias.com.mx\/index.php?rest_route=%2Fwp%2Fv2%2Fmedia&parent=39495"}],"wp:term":[{"taxonomy":"category","embeddable":true,"href":"https:\/\/www.interaccionnoticias.com.mx\/index.php?rest_route=%2Fwp%2Fv2%2Fcategories&post=39495"},{"taxonomy":"post_tag","embeddable":true,"href":"https:\/\/www.interaccionnoticias.com.mx\/index.php?rest_route=%2Fwp%2Fv2%2Ftags&post=39495"}],"curies":[{"name":"wp","href":"https:\/\/api.w.org\/{rel}","templated":true}]}}