{"id":39486,"date":"2021-12-20T19:16:52","date_gmt":"2021-12-21T01:16:52","guid":{"rendered":"https:\/\/interaccionnoticias.com.mx\/?p=39486"},"modified":"2021-12-20T19:16:57","modified_gmt":"2021-12-21T01:16:57","slug":"se-aplicaran-sanciones-por-el-multitudinario-paseo-de-danzas-y-cuelgas-religiosas-en-chilpancingo","status":"publish","type":"post","link":"https:\/\/www.interaccionnoticias.com.mx\/?p=39486","title":{"rendered":"Se aplicar\u00e1n sanciones por el multitudinario paseo de danzas y cuelgas religiosas en Chilpancingo"},"content":{"rendered":"\n<p><strong><em>&#8211; Los organizadores debieron notificar al Consejo Estatal de Salud sobre las actividades a realizar, as\u00ed como las medidas de prevenci\u00f3n ante el Covid-19<br>&#8211; El ayuntamiento se desmarc\u00f3, el patronato de la Feria de Navidad y A\u00f1o Nuevo garda silencio<\/em><\/strong><\/p>\n\n\n\n<p><strong><strong>Jes\u00fas Dorantes<\/strong><\/strong><\/p>\n\n\n\n<p><strong>Chilpancingo , Gro .-<\/strong> El Gobierno de Guerrero anunci\u00f3 que \u201cse aplicar\u00e1 la ley\u201d a quienes hayan organizado el recorrido que la jornada del domingo 19 de diciembre, sac\u00f3 a miles de ciudadanos a las calles de la capital del estado y los expuso a un contagio masivo de Covid-19.<\/p>\n\n\n\n<p>La jornada del lunes 20, la Mesa Central para la Construcci\u00f3n de la Paz sesion\u00f3 en la residencia oficial Casa Guerrero, en donde se record\u00f3 qu desde el 12 de diciembre se acord\u00f3 la suspensi\u00f3n de tradicional \u00abPaseo del Pend\u00f3n\u00bb al seno del Consejo Estatal de Salud.<\/p>\n\n\n\n<p>En dicho comunicado, se anotaba que la suspensi\u00f3n del Pend\u00f3n se deb\u00eda precisamente al riesgo que representaba en materia de contagios de Covid-19, particularmente por la variante Omicr\u00f3n.&nbsp;&nbsp;<\/p>\n\n\n\n<p>Por medio de un comunicado, el gobierno de Guerrero inform\u00f3 que por acuerdo de las autoridades que integran la Mesa de Coordinaci\u00f3n para la Construcci\u00f3n de la Paz, se determin\u00f3 aplicar la ley que se\u00f1ala \u201cLa salud como un derecho humano\u201d en el art\u00edculo primero y cuarto.<\/p>\n\n\n\n<p>En consecuencia, en los pr\u00f3ximos d\u00edas, la Secretar\u00eda de Salud aplicar\u00e1 las medidas correspondientes ante \u201cel desacato a la publicaci\u00f3n del Peri\u00f3dico Oficial del Estado con fecha del lunes 13 de diciembre del 2021, donde se\u00f1ala que para el caso de la realizaci\u00f3n de eventos masivos de grupos musicales en playas y \u00e1reas p\u00fablicas, ferias, festivales, cabalgatas o afines, deber\u00e1 presentar solicitud y protocolos sanitarios ante la COPRISEG, con un m\u00ednimo de 7 d\u00edas h\u00e1biles previos al evento\u201d, lo que no sucedi\u00f3.<\/p>\n\n\n\n<p>El domingo 19 de diciembre, miles de personas recorrieran la calles del centro de Chilpancingo sin cumplir con las medidas encaminadas a evitar contagios de Covid-19, en un recorrido de danzas y cuelgas que estuvo encabezado por la se\u00f1orita Flor de Noche Buena 2021-2022.&nbsp;<\/p>\n\n\n\n<p>Las autoridades estatales realizaron un exhorto a los integrantes de la Subsecretar\u00eda de Prevenci\u00f3n y Control de Enfermedades, as\u00ed como la Comisi\u00f3n de Protecci\u00f3n Contra Riesgos Sanitarios del Estado de Guerrero para dar puntual seguimiento al caso.<\/p>\n\n\n\n<p>&nbsp;De acuerdo con redes sociales y medidos de comunicaci\u00f3n locales, fueron de 18 a 20 mil las personas que participaron en el recorrido, adem\u00e1s de que se indica, la se\u00f1orita Flor de Noche Buena no utiliz\u00f3 cubre bocas durante el recorrido.<\/p>\n\n\n\n<p>La misma jornada del domingo, el ayuntamiento de la capital del estado se deslind\u00f3 de la responsabilidad del recorrido de las danzas, cuelgas y hasta de la presencia de la se\u00f1orita Flor de Noche Buena.<\/p>\n\n\n\n<p>Hasta el momento, el patronato de la Feria de Navidad y A\u00f1o Nuevo no ha fijado una postura sobre lo sucedido el domingo.<\/p>\n","protected":false},"excerpt":{"rendered":"<p>&#8211; Los organizadores debieron notificar al Consejo Estatal de Salud sobre las actividades a realizar, as\u00ed como las medidas de prevenci\u00f3n ante el Covid-19&#8211; El ayuntamiento se desmarc\u00f3, el patronato&hellip; <\/p>\n","protected":false},"author":8,"featured_media":39407,"comment_status":"open","ping_status":"open","sticky":false,"template":"","format":"standard","meta":{"fifu_image_url":"","fifu_image_alt":"","footnotes":""},"categories":[11],"tags":[],"class_list":["post-39486","post","type-post","status-publish","format-standard","has-post-thumbnail","hentry","category-guerrero"],"_links":{"self":[{"href":"https:\/\/www.interaccionnoticias.com.mx\/index.php?rest_route=\/wp\/v2\/posts\/39486","targetHints":{"allow":["GET"]}}],"collection":[{"href":"https:\/\/www.interaccionnoticias.com.mx\/index.php?rest_route=\/wp\/v2\/posts"}],"about":[{"href":"https:\/\/www.interaccionnoticias.com.mx\/index.php?rest_route=\/wp\/v2\/types\/post"}],"author":[{"embeddable":true,"href":"https:\/\/www.interaccionnoticias.com.mx\/index.php?rest_route=\/wp\/v2\/users\/8"}],"replies":[{"embeddable":true,"href":"https:\/\/www.interaccionnoticias.com.mx\/index.php?rest_route=%2Fwp%2Fv2%2Fcomments&post=39486"}],"version-history":[{"count":1,"href":"https:\/\/www.interaccionnoticias.com.mx\/index.php?rest_route=\/wp\/v2\/posts\/39486\/revisions"}],"predecessor-version":[{"id":39487,"href":"https:\/\/www.interaccionnoticias.com.mx\/index.php?rest_route=\/wp\/v2\/posts\/39486\/revisions\/39487"}],"wp:featuredmedia":[{"embeddable":true,"href":"https:\/\/www.interaccionnoticias.com.mx\/index.php?rest_route=\/wp\/v2\/media\/39407"}],"wp:attachment":[{"href":"https:\/\/www.interaccionnoticias.com.mx\/index.php?rest_route=%2Fwp%2Fv2%2Fmedia&parent=39486"}],"wp:term":[{"taxonomy":"category","embeddable":true,"href":"https:\/\/www.interaccionnoticias.com.mx\/index.php?rest_route=%2Fwp%2Fv2%2Fcategories&post=39486"},{"taxonomy":"post_tag","embeddable":true,"href":"https:\/\/www.interaccionnoticias.com.mx\/index.php?rest_route=%2Fwp%2Fv2%2Ftags&post=39486"}],"curies":[{"name":"wp","href":"https:\/\/api.w.org\/{rel}","templated":true}]}}