{"id":39464,"date":"2021-12-20T10:16:48","date_gmt":"2021-12-20T16:16:48","guid":{"rendered":"https:\/\/interaccionnoticias.com.mx\/?p=39464"},"modified":"2021-12-20T10:16:53","modified_gmt":"2021-12-20T16:16:53","slug":"aguirre-es-una-victima-mas-del-caso-iguala-senala-ex-vocero-de-los-padres-de-los-43","status":"publish","type":"post","link":"https:\/\/www.interaccionnoticias.com.mx\/?p=39464","title":{"rendered":"\u201cAguirre es una v\u00edctima m\u00e1s del caso Iguala\u201d, se\u00f1ala ex vocero de los padres de los 43"},"content":{"rendered":"\n<p><strong><em>&#8211; \u201cLa gente se tom\u00f3 la p\u00edldora de creer que tuvo responsabilidad en los hechos del 26 de septiembre de 2014, solo por ser gobernador\u201d, dice Felipe de la Cruz al referirse al manejo que le dio al caso la administraci\u00f3n del ex presidente Enrique Pe\u00f1a Nieto<\/em><\/strong><\/p>\n\n\n\n<p><strong><em>&#8211; No solo se trata del ex mandatario, toda su familia enfrenta el repudio generado por la desinformaci\u00f3n<\/em><\/strong><\/p>\n\n\n\n<p><strong><em>&#8211; Los detenidos de Aguirre y su fiscal, I\u00f1aky Blanco siguen presos, los de Murillo Karam y Pe\u00f1a Nieto, en su mayor\u00eda est\u00e1n libres, detalla el activista<\/em><\/strong>\u00a0\u00a0 \u00a0 \u00a0 \u00a0<\/p>\n\n\n\n<p><strong>Rogelio Agust\u00edn<\/strong><\/p>\n\n\n\n<p>A siete a\u00f1os de distancia, el profesor Felipe de la Cruz Sandoval, quien fuera vocero de los padres de los 43, sostiene que el ex gobernador \u00c1ngel Aguirre Rivero tambi\u00e9n fue una v\u00edctima de los hechos ocurridos la noche del 26 y la madrugada del 27 de septiembre de 2014 en Iguala de la Independencia, tanto en el aspecto pol\u00edtico como en lo personal.&nbsp;<\/p>\n\n\n\n<p>El fin de semana, el ex gobernador coloc\u00f3 en su muro de Facebook una imagen en la que aparece al centro de la mesa de un restaurante ubicado en el puerto de Acapulco.<\/p>\n\n\n\n<p>Aguirre Rivero abrazo al profesor De la Cruz Sandoval, quien viste una playera gris con franjas verdes y se ubica al lado izquierdo, a la derecha el hijo del mentor, Josimar de la Cruz Ayala.<\/p>\n\n\n\n<p>La gr\u00e1fica ha sido cuestionada ampliamente por dirigentes de organizaciones sociales cercanas a la Normal Rural de Ayotzinapa, aunque el Felipe de la Cruz precisa que se trata de un encuentro circunstancial, no planeado, pero que propici\u00f3 una charla sumamente amplia, importante para conocer algunos aspectos de lo sucedido la noche del 26 de septiembre de 2014.<\/p>\n\n\n\n<p>Hasta ahorita, no hay nada contra Aguirre en el Caso Iguala&nbsp;<\/p>\n\n\n\n<p>De inicio, el ex vocero de los padres de los 43 se\u00f1ala que para \u00e9l, siempre ha sido importante tener la certeza de qu\u00e9 tanto sabe Aguirre Rivero respecto a la noche en que los&nbsp;&nbsp;normalistas rurales fueron atacados por sicarios de Guerreros Unidos (GU), quienes fueron acompa\u00f1ados por polic\u00edas preventivos de Iguala; Cocula y Huitzuco de los Figueroa.&nbsp; &nbsp;<\/p>\n\n\n\n<p>Explica que acudi\u00f3 a comer a un restaurante ubicado en Acapulco, ah\u00ed estaba el ex gobernador y cuando le invit\u00f3 a sentarse no se neg\u00f3, entre otras cosas por la oportunidad de recibir informaci\u00f3n sobre un tema que ha marcado su vida, a pesar de que ya no es vocero del colectivo que integra a los padres agraviados.<\/p>\n\n\n\n<p>\u201cTom\u00e9 en cuenta el hecho de que Aguirre siempre ha dicho que es el m\u00e1s interesado en que se conozca la verdad, que se sepa qu\u00e9 fue lo que pas\u00f3 con los estudiantes\u201d, anot\u00f3.<\/p>\n\n\n\n<p>Record\u00f3 que es padre de uno de los estudiantes que sobrevivieron a los ataques del 26 y 27 de septiembre.<\/p>\n\n\n\n<p>\u201cSu yo exijo justicia, lo primero que debo hacer es ser justo\u201d, justifica el acercamiento el profesor jubilado.<\/p>\n\n\n\n<p>Indic\u00f3 que de acuerdo con el informe aportado sobre el caso en el a\u00f1o 2020, la hoy Fiscal\u00eda General de la Rep\u00fablica (FGR) estableci\u00f3 que la administraci\u00f3n federal de Enrique Pe\u00f1a Nieto perjudicar al entonces gobernador de Guerrero.<\/p>\n\n\n\n<p>Entre las conclusiones que admite, prevalecen en el caso del ex gobernador, es que hasta el momento, en todas las investigaciones que se han realizado, \u201cno se ha encontrado nada que involucre al ex gobernador Angel Aguirre\u201d.<\/p>\n\n\n\n<p>Indic\u00f3 que son dos las administraciones que han investigado el caso; la del pri\u00edsta Enrique Pe\u00f1a Nieto y la de Andr\u00e9s Manuel L\u00f3pez Obrador, emanada del Movimiento de Regeneraci\u00f3n Nacional (Morena).&nbsp;&nbsp; &nbsp;<\/p>\n\n\n\n<p>A estas alturas, el ex mandatario estatal y quien fuera el titular de la Fiscal\u00eda del Estado, I\u00f1aky Blanco Cabrera han sido citados a declarar en dos ocasiones y hasta el momento no se ha detectado nada que los involucre.<\/p>\n\n\n\n<p>\u201cNo hay que olvidar que Miguel Osorio Chong, como ex secretario de Gobernaci\u00f3n nos enga\u00f1\u00f3 durante cuatro a\u00f1os\u201d, anot\u00f3.<\/p>\n\n\n\n<p>Aguirre tambi\u00e9n es v\u00edctima<\/p>\n\n\n\n<p>Al paso del tiempo, Felipe de la Cruz asegura que siempre ha tenido el inter\u00e9s de saber que tanto estuvo involucrado el entonces gobernador en los hechos del 2014.&nbsp; &nbsp;<\/p>\n\n\n\n<p>\u201cTodo mundo cree, que por ser el gobernador (cuando se dieron los ataques) el deb\u00eda saber qu\u00e9 es lo que pasaba\u201d, anot\u00f3.<\/p>\n\n\n\n<p>Incluso, dijo que si se le acusa por omisi\u00f3n, se debe recordar que la Fiscal\u00eda de I\u00f1aky Blanco, quien fungi\u00f3 en el gobierno de Aguirre detuvo a 23 polic\u00edas preventivos, los que hasta el momento permanecen detenidos.<\/p>\n\n\n\n<p>Mientras los polic\u00edas que detuvo la FGE de I\u00f1aky siguen en prisi\u00f3n, destac\u00f3 que los involucrados capturados por la Fiscal\u00eda General de la Rep\u00fablica (FGR) en la era de Jes\u00fas Murillo Karam, en su mayor\u00eda ya recuperaron su libertad.<\/p>\n\n\n\n<p>Indic\u00f3: \u201cLa justicia tiene que ser como debe de ser; sin preferencia ni inclinaci\u00f3n, por eso est\u00e1 en la balanza y al escuchar hoy, puntos de vista y lo que sabe, pues entiendo que al final de cuentas entiendo que tambi\u00e9n forma parte de la acci\u00f3n del Gobierno Federal, la gente se tom\u00f3 la p\u00edldora que les dieron al hacerlo creer que \u00e9l era responsable de esos cr\u00edmenes, para creo que forma parte de las v\u00edctimas\u201d.<\/p>\n\n\n\n<p>Indic\u00f3: \u201cYo as\u00ed lo veo, como parte de las v\u00edctimas, principalmente en el aspecto pol\u00edtico porque su gobierno termin\u00f3 y tuvo que solicitar licencia al cargo\u201d.<\/p>\n\n\n\n<p>Agreg\u00f3: \u201cEl me ha dicho que si fuera personal es bueno, pero toda su familia est\u00e1 sufriendo las consecuencias de esa desinformaci\u00f3n y que los ha condenado al repudio de la sociedad, que asegura que no lo merece\u201d.<\/p>\n\n\n\n<p>Cuando se le insiste sobre el tema, Felipe de la Cruz, ex vocero de los padres de los 43, reconoce al ex gobernador \u00c1ngel Aguirre Rivero como una v\u00edctima, sobre todo en el aspecto pol\u00edtico, de los hechos del 26 de septiembre de 2014.<\/p>\n","protected":false},"excerpt":{"rendered":"<p>&#8211; \u201cLa gente se tom\u00f3 la p\u00edldora de creer que tuvo responsabilidad en los hechos del 26 de septiembre de 2014, solo por ser gobernador\u201d, dice Felipe de la Cruz&hellip; <\/p>\n","protected":false},"author":21,"featured_media":39462,"comment_status":"open","ping_status":"open","sticky":false,"template":"","format":"standard","meta":{"fifu_image_url":"","fifu_image_alt":"","footnotes":""},"categories":[29],"tags":[],"class_list":["post-39464","post","type-post","status-publish","format-standard","has-post-thumbnail","hentry","category-sociedad"],"_links":{"self":[{"href":"https:\/\/www.interaccionnoticias.com.mx\/index.php?rest_route=\/wp\/v2\/posts\/39464","targetHints":{"allow":["GET"]}}],"collection":[{"href":"https:\/\/www.interaccionnoticias.com.mx\/index.php?rest_route=\/wp\/v2\/posts"}],"about":[{"href":"https:\/\/www.interaccionnoticias.com.mx\/index.php?rest_route=\/wp\/v2\/types\/post"}],"author":[{"embeddable":true,"href":"https:\/\/www.interaccionnoticias.com.mx\/index.php?rest_route=\/wp\/v2\/users\/21"}],"replies":[{"embeddable":true,"href":"https:\/\/www.interaccionnoticias.com.mx\/index.php?rest_route=%2Fwp%2Fv2%2Fcomments&post=39464"}],"version-history":[{"count":1,"href":"https:\/\/www.interaccionnoticias.com.mx\/index.php?rest_route=\/wp\/v2\/posts\/39464\/revisions"}],"predecessor-version":[{"id":39465,"href":"https:\/\/www.interaccionnoticias.com.mx\/index.php?rest_route=\/wp\/v2\/posts\/39464\/revisions\/39465"}],"wp:featuredmedia":[{"embeddable":true,"href":"https:\/\/www.interaccionnoticias.com.mx\/index.php?rest_route=\/wp\/v2\/media\/39462"}],"wp:attachment":[{"href":"https:\/\/www.interaccionnoticias.com.mx\/index.php?rest_route=%2Fwp%2Fv2%2Fmedia&parent=39464"}],"wp:term":[{"taxonomy":"category","embeddable":true,"href":"https:\/\/www.interaccionnoticias.com.mx\/index.php?rest_route=%2Fwp%2Fv2%2Fcategories&post=39464"},{"taxonomy":"post_tag","embeddable":true,"href":"https:\/\/www.interaccionnoticias.com.mx\/index.php?rest_route=%2Fwp%2Fv2%2Ftags&post=39464"}],"curies":[{"name":"wp","href":"https:\/\/api.w.org\/{rel}","templated":true}]}}