{"id":39460,"date":"2021-12-20T10:03:35","date_gmt":"2021-12-20T16:03:35","guid":{"rendered":"https:\/\/interaccionnoticias.com.mx\/?p=39460"},"modified":"2021-12-20T10:03:40","modified_gmt":"2021-12-20T16:03:40","slug":"cierra-con-broche-de-oro-historica-muestra-cultural-y-gastronomica-del-festival-guerrero-en-los-pinos","status":"publish","type":"post","link":"https:\/\/www.interaccionnoticias.com.mx\/?p=39460","title":{"rendered":"Cierra con broche de oro hist\u00f3rica muestra cultural y gastron\u00f3mica del festival \u00abGuerrero en Los Pinos\u00bb"},"content":{"rendered":"\n<p><strong><em>&#8211; Durante tres d\u00edas se presentaron diversas danzas representativas del estado, gastronom\u00eda y artesan\u00edas en el complejo cultural de la Ciudad de M\u00e9xico<\/em><\/strong><\/p>\n\n\n\n<p><strong>Ciudad de M\u00e9xico., 19 de diciembre de 2021.-<\/strong> En un ambiente lleno de m\u00fasica, fiesta y la alegr\u00eda que caracteriza a la cultura guerrerense, fue como cerr\u00f3 con broche de oro el Festival \u00abGuerrero en Los Pinos\u00bb, que hizo brillar y enaltecer la gastronom\u00eda, artesan\u00eda y folklore de nuestro estado.<\/p>\n\n\n\n<p>Este evento realizado en el Complejo Cultural Los Pinos, en coordinaci\u00f3n con la Secretar\u00eda de Cultura Federal y el Gobierno del Estado que encabeza la gobernadora Evelyn Salgado Pineda, ofreci\u00f3 a cientos de visitantes, durante tres d\u00edas, la cocina t\u00edpica guerrerense, as\u00ed como la m\u00fasica representativa del Estado, su artesan\u00eda y las danzas tradicionales de Guerrero.<\/p>\n\n\n\n<p>Durante la ceremonia de clausura la titular de la Secretar\u00eda de Cultura de Guerrero, A\u00edda Melina Mart\u00ednez Rebolledo, agradeci\u00f3 a nombre de la gobernadora de Guerrero, Evelyn Cecia Salgado Pineda, a todas las personas que hicieron posible de forma hist\u00f3rica esta muestra cultural de \u00abGuerrero en Los Pinos\u201d, cerrando con broche de oro con la presentaci\u00f3n del Grupo Regional de Tierra Caliente, la Escuela Superior de Danza Folkl\u00f3rica &#8216;Zitlalkiahuitl&#8217; y el CBTIS 56 de Iguala de la Independencia.<\/p>\n","protected":false},"excerpt":{"rendered":"<p>&#8211; Durante tres d\u00edas se presentaron diversas danzas representativas del estado, gastronom\u00eda y artesan\u00edas en el complejo cultural de la Ciudad de M\u00e9xico Ciudad de M\u00e9xico., 19 de diciembre de&hellip; <\/p>\n","protected":false},"author":19,"featured_media":39461,"comment_status":"open","ping_status":"open","sticky":false,"template":"","format":"standard","meta":{"fifu_image_url":"","fifu_image_alt":"","footnotes":""},"categories":[29],"tags":[],"class_list":["post-39460","post","type-post","status-publish","format-standard","has-post-thumbnail","hentry","category-sociedad"],"_links":{"self":[{"href":"https:\/\/www.interaccionnoticias.com.mx\/index.php?rest_route=\/wp\/v2\/posts\/39460","targetHints":{"allow":["GET"]}}],"collection":[{"href":"https:\/\/www.interaccionnoticias.com.mx\/index.php?rest_route=\/wp\/v2\/posts"}],"about":[{"href":"https:\/\/www.interaccionnoticias.com.mx\/index.php?rest_route=\/wp\/v2\/types\/post"}],"author":[{"embeddable":true,"href":"https:\/\/www.interaccionnoticias.com.mx\/index.php?rest_route=\/wp\/v2\/users\/19"}],"replies":[{"embeddable":true,"href":"https:\/\/www.interaccionnoticias.com.mx\/index.php?rest_route=%2Fwp%2Fv2%2Fcomments&post=39460"}],"version-history":[{"count":1,"href":"https:\/\/www.interaccionnoticias.com.mx\/index.php?rest_route=\/wp\/v2\/posts\/39460\/revisions"}],"predecessor-version":[{"id":39463,"href":"https:\/\/www.interaccionnoticias.com.mx\/index.php?rest_route=\/wp\/v2\/posts\/39460\/revisions\/39463"}],"wp:featuredmedia":[{"embeddable":true,"href":"https:\/\/www.interaccionnoticias.com.mx\/index.php?rest_route=\/wp\/v2\/media\/39461"}],"wp:attachment":[{"href":"https:\/\/www.interaccionnoticias.com.mx\/index.php?rest_route=%2Fwp%2Fv2%2Fmedia&parent=39460"}],"wp:term":[{"taxonomy":"category","embeddable":true,"href":"https:\/\/www.interaccionnoticias.com.mx\/index.php?rest_route=%2Fwp%2Fv2%2Fcategories&post=39460"},{"taxonomy":"post_tag","embeddable":true,"href":"https:\/\/www.interaccionnoticias.com.mx\/index.php?rest_route=%2Fwp%2Fv2%2Ftags&post=39460"}],"curies":[{"name":"wp","href":"https:\/\/api.w.org\/{rel}","templated":true}]}}