{"id":39352,"date":"2021-12-18T19:55:00","date_gmt":"2021-12-19T01:55:00","guid":{"rendered":"https:\/\/interaccionnoticias.com.mx\/?p=39352"},"modified":"2021-12-18T22:39:47","modified_gmt":"2021-12-19T04:39:47","slug":"presenta-el-libro-ayotzinapa-en-la-memoria","status":"publish","type":"post","link":"https:\/\/www.interaccionnoticias.com.mx\/?p=39352","title":{"rendered":"Presenta el libro Ayotzinapa en la Memoria"},"content":{"rendered":"\n<p><strong>&#8211; Fue escrito por egresados de esa normal<\/strong><\/p>\n\n\n\n<p><strong><em>Rosario Garc\u00eda Orozco<\/em><\/strong><\/p>\n\n\n\n<p><strong>Chilpancingo, Gro., 18 de diciembre del 2021.-<\/strong> La historia de la Escuela Normal Rural \u00abRa\u00fal Isidro Burgos\u00bb, est\u00e1 llena de injusticias y precariedades, pero permanece desde hace 96 a\u00f1os porque se ha mantenido apartidista, coincidieron los escritores del libro \u00abAyotzinapa en la Memoria\u00bb, presentado este s\u00e1bado.<\/p>\n\n\n\n<p>La obra fue escrita por 17 egresados de 14 generaciones que relataron an\u00e9cdotas sobre su paso por las aulas de la normal, y trazaron una l\u00ednea de tiempo de 30 a\u00f1os de historia, bajo la coordinaci\u00f3n de Lesther Geovani P\u00e9rez Ortega y Pedro Ortiz Oropeza, mientras que los comentarios estuvieron a cargo de la doctora Marl\u00e9n Castro P\u00e9rez.<\/p>\n\n\n\n<p>Los estudiantes normalistas de Ayotzinapa tambi\u00e9n son activistas, \u00ablos j\u00f3venes participan en movilizaciones por la exigencia de plazas, mantener la matr\u00edcula y adem\u00e1s por el incremento de los presupuestos, y esa situaci\u00f3n generaba conflictos con los maestros*, mencion\u00f3 la periodista Marl\u00e9n Castro.<\/p>\n\n\n\n<p>Agreg\u00f3 que la relaci\u00f3n entre los gobiernos y la normal siempre ha sido r\u00edspida, y record\u00f3 dos eventos violentos en las administraciones de Angel Aguirre Rivero como gobwrnador: el desalojo de la Autopista del Sol, que dej\u00f3 dos normalistas muertos, y la agresi\u00f3n contra los estudiantes que dej\u00f3 como el saldo 43 j\u00f3venes desaparecidos.<\/p>\n\n\n\n<p>En su oportunidad, Lesther P\u00e9rez,, egresado de esa normal, mencion\u00f3 la importancia de la disciplina en la formaci\u00f3n de los normalistas,<\/p>\n\n\n\n<p>Hizo \u00e9nfasis en que para muchos egresados normalistas, Ayotzinapa era la \u00fanica opci\u00f3n de estudio, pero para otros fue una aspiraci\u00f3n, \u00absiguieron el ejemplo de maestros normalistas, quer\u00edan ser como los egresados de este plantel\u00bb.<\/p>\n\n\n\n<p>Se trata de un libro sin fines de lucro, s\u00f3lo se pretende que la gente lea parte de la. Historia de Ayotzinapa, un compendio de relatos elaborado por los propios egresados, \u00abes el primer libro de un ejercicio que no tiene fin, porque faltan varios hechos que a\u00fan no est\u00e1n documentados\u00bb.<\/p>\n\n\n\n<p>Record\u00f3 que hay sobrevivientes de los hechos violentos del 26 de septiembre del 2014 en Iguala, cuando desaparecieron 43 normalistas de Ayotzinapa, \u00abson egresados que tienen mucho que contar\u00bb .<\/p>\n\n\n\n<p>En tanto, la maestra Julia Ocampo Herrera, quien impart\u00eda la clase de Danza, record\u00f3 que los estudiantes han pasado por situaciones violentas y agresiones severas, \u00bb aqu\u00ed llegaban sangrando despu\u00e9s de ir a manifestaciones y muchas veces el auto de mi esposo fue su ambulancia, para trasladarlos al hospital\u00bb.<\/p>\n\n\n\n<p>\u00abAyotzinapa es mucho m\u00e1s que una escuela, no es s\u00f3lo. Movilizaciones, son historia de vida y testimonios\u00bb, dijeron algunos egresados, asiste tes a la presentaci\u00f3n de las memoria de la normal.<\/p>\n\n\n\n<p>Ayotzinapa es un semillero de arte, varios egresados son oradores, pintores, poetas, m\u00fasicos, cantantes, y mucho m\u00e1s, no s\u00f3lo somos egresados de una escuela normal, dijo otro egresado, quien mencion\u00f3 que creo en la escuela de la comunidad, Las Lomita, la biblioteca \u00ab43 lectores\u00bb, en alusi\u00f3n a los estudiantes desaparecidos.<\/p>\n\n\n\n<p>Los egresados coincidieron en se\u00f1alar que la normal continua de pie desde hace 96 a\u00f1os porque se ha mantenido apartidista, \u00bb si se hubiera aliado al PRI o al Prd ya habr\u00eda desaparecido\u00bb,<\/p>\n\n\n\n<p>Finalmente rememorar on parte de su formaci\u00f3n como normalistas: \u00abQuien no se doli\u00f3 de levantarse temprano, correr, que a pesar del fr\u00edo nos aventaran agua y hasta chile en los ojos. Nos estaban preparando para enfrentar a los granaderos y antimltines\u00bb.<\/p>\n","protected":false},"excerpt":{"rendered":"<p>&#8211; Fue escrito por egresados de esa normal Rosario Garc\u00eda Orozco Chilpancingo, Gro., 18 de diciembre del 2021.- La historia de la Escuela Normal Rural \u00abRa\u00fal Isidro Burgos\u00bb, est\u00e1 llena&hellip; <\/p>\n","protected":false},"author":14,"featured_media":39348,"comment_status":"open","ping_status":"open","sticky":false,"template":"","format":"standard","meta":{"fifu_image_url":"","fifu_image_alt":"","footnotes":""},"categories":[6],"tags":[],"class_list":["post-39352","post","type-post","status-publish","format-standard","has-post-thumbnail","hentry","category-educacion"],"_links":{"self":[{"href":"https:\/\/www.interaccionnoticias.com.mx\/index.php?rest_route=\/wp\/v2\/posts\/39352","targetHints":{"allow":["GET"]}}],"collection":[{"href":"https:\/\/www.interaccionnoticias.com.mx\/index.php?rest_route=\/wp\/v2\/posts"}],"about":[{"href":"https:\/\/www.interaccionnoticias.com.mx\/index.php?rest_route=\/wp\/v2\/types\/post"}],"author":[{"embeddable":true,"href":"https:\/\/www.interaccionnoticias.com.mx\/index.php?rest_route=\/wp\/v2\/users\/14"}],"replies":[{"embeddable":true,"href":"https:\/\/www.interaccionnoticias.com.mx\/index.php?rest_route=%2Fwp%2Fv2%2Fcomments&post=39352"}],"version-history":[{"count":1,"href":"https:\/\/www.interaccionnoticias.com.mx\/index.php?rest_route=\/wp\/v2\/posts\/39352\/revisions"}],"predecessor-version":[{"id":39353,"href":"https:\/\/www.interaccionnoticias.com.mx\/index.php?rest_route=\/wp\/v2\/posts\/39352\/revisions\/39353"}],"wp:featuredmedia":[{"embeddable":true,"href":"https:\/\/www.interaccionnoticias.com.mx\/index.php?rest_route=\/wp\/v2\/media\/39348"}],"wp:attachment":[{"href":"https:\/\/www.interaccionnoticias.com.mx\/index.php?rest_route=%2Fwp%2Fv2%2Fmedia&parent=39352"}],"wp:term":[{"taxonomy":"category","embeddable":true,"href":"https:\/\/www.interaccionnoticias.com.mx\/index.php?rest_route=%2Fwp%2Fv2%2Fcategories&post=39352"},{"taxonomy":"post_tag","embeddable":true,"href":"https:\/\/www.interaccionnoticias.com.mx\/index.php?rest_route=%2Fwp%2Fv2%2Ftags&post=39352"}],"curies":[{"name":"wp","href":"https:\/\/api.w.org\/{rel}","templated":true}]}}