{"id":39346,"date":"2021-12-18T19:50:00","date_gmt":"2021-12-19T01:50:00","guid":{"rendered":"https:\/\/interaccionnoticias.com.mx\/?p=39346"},"modified":"2021-12-18T22:37:02","modified_gmt":"2021-12-19T04:37:02","slug":"segundo-dia-de-toma-de-casetas-en-guerrero","status":"publish","type":"post","link":"https:\/\/www.interaccionnoticias.com.mx\/?p=39346","title":{"rendered":"Segundo d\u00eda de toma de casetas en Guerrero"},"content":{"rendered":"\n<p><strong>Jes\u00fas Dorantes<\/strong><\/p>\n\n\n\n<p><strong>Chilpancingo , Gro .- <\/strong>Durante los dos d\u00edas del inicio de la temporada vacacional en el pa\u00eds estudiantes de la Normal Rural Ra\u00fal Isidro Burgos de Ayotzinapa realizaron la toma de las tres casetas de peaje de la autopista del Sol.<br>\u00a0<br>Desde mediod\u00eda de la jornada del s\u00e1bado partieron de nueva cuenta un grupo de autobuses con destino a las casetas de Palo Blanco, Paso Morelos y La Venta.<br>\u00a0<br>D\u00f3nde se apoderaron del control de las casetas de peaje para solicitar comparaci\u00f3n de 100 pesos a los automovilistas que viajan de la Ciudad de M\u00e9xico a Acapulco donde se registra la mayor afluencia en estas fechas y en el trayecto del Puerto a la capital del Estado.<br>\u00a0<br>Al igual que en la jornada del viernes ninguna autoridad del estado o guardia nacional impidieron la toma de los puntos de peaje, por lo que al igual que los pasados fines de semana se tiene programado que los estudiantes soliciten comparaci\u00f3n durante tres d\u00edas.<\/p>\n","protected":false},"excerpt":{"rendered":"<p>Jes\u00fas Dorantes Chilpancingo , Gro .- Durante los dos d\u00edas del inicio de la temporada vacacional en el pa\u00eds estudiantes de la Normal Rural Ra\u00fal Isidro Burgos de Ayotzinapa realizaron&hellip; <\/p>\n","protected":false},"author":8,"featured_media":39347,"comment_status":"open","ping_status":"open","sticky":false,"template":"","format":"standard","meta":{"fifu_image_url":"","fifu_image_alt":"","footnotes":""},"categories":[15],"tags":[],"class_list":["post-39346","post","type-post","status-publish","format-standard","has-post-thumbnail","hentry","category-movimientos-sociales"],"_links":{"self":[{"href":"https:\/\/www.interaccionnoticias.com.mx\/index.php?rest_route=\/wp\/v2\/posts\/39346","targetHints":{"allow":["GET"]}}],"collection":[{"href":"https:\/\/www.interaccionnoticias.com.mx\/index.php?rest_route=\/wp\/v2\/posts"}],"about":[{"href":"https:\/\/www.interaccionnoticias.com.mx\/index.php?rest_route=\/wp\/v2\/types\/post"}],"author":[{"embeddable":true,"href":"https:\/\/www.interaccionnoticias.com.mx\/index.php?rest_route=\/wp\/v2\/users\/8"}],"replies":[{"embeddable":true,"href":"https:\/\/www.interaccionnoticias.com.mx\/index.php?rest_route=%2Fwp%2Fv2%2Fcomments&post=39346"}],"version-history":[{"count":1,"href":"https:\/\/www.interaccionnoticias.com.mx\/index.php?rest_route=\/wp\/v2\/posts\/39346\/revisions"}],"predecessor-version":[{"id":39351,"href":"https:\/\/www.interaccionnoticias.com.mx\/index.php?rest_route=\/wp\/v2\/posts\/39346\/revisions\/39351"}],"wp:featuredmedia":[{"embeddable":true,"href":"https:\/\/www.interaccionnoticias.com.mx\/index.php?rest_route=\/wp\/v2\/media\/39347"}],"wp:attachment":[{"href":"https:\/\/www.interaccionnoticias.com.mx\/index.php?rest_route=%2Fwp%2Fv2%2Fmedia&parent=39346"}],"wp:term":[{"taxonomy":"category","embeddable":true,"href":"https:\/\/www.interaccionnoticias.com.mx\/index.php?rest_route=%2Fwp%2Fv2%2Fcategories&post=39346"},{"taxonomy":"post_tag","embeddable":true,"href":"https:\/\/www.interaccionnoticias.com.mx\/index.php?rest_route=%2Fwp%2Fv2%2Ftags&post=39346"}],"curies":[{"name":"wp","href":"https:\/\/api.w.org\/{rel}","templated":true}]}}