{"id":39340,"date":"2021-12-17T17:46:21","date_gmt":"2021-12-17T23:46:21","guid":{"rendered":"https:\/\/interaccionnoticias.com.mx\/?p=39340"},"modified":"2021-12-17T17:46:26","modified_gmt":"2021-12-17T23:46:26","slug":"el-titular-de-la-seg-atiende-demandas-de-la-ceteg","status":"publish","type":"post","link":"https:\/\/www.interaccionnoticias.com.mx\/?p=39340","title":{"rendered":"El titular de la SEG atiende demandas de la CETEG"},"content":{"rendered":"\n<p><strong>Chilpancingo de los Bravo, Gro., a 16 de diciembre del 2021.<\/strong><\/p>\n\n\n\n<p>Por indicaciones de la Gobernadora Evelyn Salgado Pineda, el Secretario de Educaci\u00f3n en el Estado Marcial Rodr\u00edguez Salda\u00f1a dialog\u00f3 y atendi\u00f3 diversas demandas urgentes de la Coordinadora de Trabajadores de la Educaci\u00f3n en Guerrero, que presentaron representantes de las siete regiones de la entidad.<\/p>\n\n\n\n<p>Al final de la reuni\u00f3n se firm\u00f3 una minuta que contiene la respuesta y soluci\u00f3n a cada una de sus demandas.Participaron en este evento los Subsecretarios, de Administraci\u00f3n y Finanzas Alejandro Moreno Lira, de B\u00e1sica Ricardo Castillo Pe\u00f1a, de Planeaci\u00f3n Benjamin Adame Pereira, la Secretar\u00eda T\u00e9cnica Luisa Ayala Mondrag\u00f3n, el titular de asuntos Jur\u00eddicos y de Transparencia Roberto Cuevas Bahena, la Directora General de Servicios Regionales Mayt\u00e9 Piza Rodr\u00edguez y parte de la estructura de la SEG.<\/p>\n","protected":false},"excerpt":{"rendered":"<p>Chilpancingo de los Bravo, Gro., a 16 de diciembre del 2021. Por indicaciones de la Gobernadora Evelyn Salgado Pineda, el Secretario de Educaci\u00f3n en el Estado Marcial Rodr\u00edguez Salda\u00f1a dialog\u00f3&hellip; <\/p>\n","protected":false},"author":19,"featured_media":39341,"comment_status":"open","ping_status":"open","sticky":false,"template":"","format":"standard","meta":{"fifu_image_url":"","fifu_image_alt":"","footnotes":""},"categories":[6],"tags":[],"class_list":["post-39340","post","type-post","status-publish","format-standard","has-post-thumbnail","hentry","category-educacion"],"_links":{"self":[{"href":"https:\/\/www.interaccionnoticias.com.mx\/index.php?rest_route=\/wp\/v2\/posts\/39340","targetHints":{"allow":["GET"]}}],"collection":[{"href":"https:\/\/www.interaccionnoticias.com.mx\/index.php?rest_route=\/wp\/v2\/posts"}],"about":[{"href":"https:\/\/www.interaccionnoticias.com.mx\/index.php?rest_route=\/wp\/v2\/types\/post"}],"author":[{"embeddable":true,"href":"https:\/\/www.interaccionnoticias.com.mx\/index.php?rest_route=\/wp\/v2\/users\/19"}],"replies":[{"embeddable":true,"href":"https:\/\/www.interaccionnoticias.com.mx\/index.php?rest_route=%2Fwp%2Fv2%2Fcomments&post=39340"}],"version-history":[{"count":1,"href":"https:\/\/www.interaccionnoticias.com.mx\/index.php?rest_route=\/wp\/v2\/posts\/39340\/revisions"}],"predecessor-version":[{"id":39342,"href":"https:\/\/www.interaccionnoticias.com.mx\/index.php?rest_route=\/wp\/v2\/posts\/39340\/revisions\/39342"}],"wp:featuredmedia":[{"embeddable":true,"href":"https:\/\/www.interaccionnoticias.com.mx\/index.php?rest_route=\/wp\/v2\/media\/39341"}],"wp:attachment":[{"href":"https:\/\/www.interaccionnoticias.com.mx\/index.php?rest_route=%2Fwp%2Fv2%2Fmedia&parent=39340"}],"wp:term":[{"taxonomy":"category","embeddable":true,"href":"https:\/\/www.interaccionnoticias.com.mx\/index.php?rest_route=%2Fwp%2Fv2%2Fcategories&post=39340"},{"taxonomy":"post_tag","embeddable":true,"href":"https:\/\/www.interaccionnoticias.com.mx\/index.php?rest_route=%2Fwp%2Fv2%2Ftags&post=39340"}],"curies":[{"name":"wp","href":"https:\/\/api.w.org\/{rel}","templated":true}]}}