{"id":3934,"date":"2017-05-02T20:42:59","date_gmt":"2017-05-03T01:42:59","guid":{"rendered":"http:\/\/www.inter-accion.com.mx\/?p=3934"},"modified":"2017-05-02T20:42:59","modified_gmt":"2017-05-03T01:42:59","slug":"presenta-ricardo-mejia-berdeja-reforma-constitucional-para-fortalecer-policias-comunitarias","status":"publish","type":"post","link":"https:\/\/www.interaccionnoticias.com.mx\/?p=3934","title":{"rendered":"Presenta Ricardo Mej\u00eda Berdeja reforma constitucional para fortalecer polic\u00edas comunitarias"},"content":{"rendered":"<p><b>*Reconoce labor de la CRAC<\/b><br \/>\n<b>**Propone exhorto para investigar a juez federal que liber\u00f3 a delincuentes<\/b><br \/>\n<span style=\"font-weight: 400;\">Presenta Ricardo Mej\u00eda Berdeja reforma constitucional que busca dar sustento jur\u00eddico a las polic\u00edas comunitarias con la caracter\u00edstica de que solo podr\u00e1n actuar en dentro de las comunidades que se rigen por usos y costumbres. Hay que enmendar un hecho que est\u00e1 afectando la vida jur\u00eddica de Guerrero sostuvo. <\/span><br \/>\n&nbsp;<br \/>\n<span style=\"font-weight: 400;\">La reforma a los art\u00edculos 11 fracci\u00f3n segunda y 14 de la Constituci\u00f3n local busca aportar una visi\u00f3n multicultural y plural a la justicia; Ricardo Mej\u00eda Berdeja precis\u00f3 que es urgente redise\u00f1ar el marco jur\u00eddico constitucional y se\u00f1al\u00f3 que el proyecto de reforma contempla el respeto a la convivencia y tradici\u00f3n de las comunidades a trav\u00e9s de sus autoridades comunitarias as\u00f3 como el reconocimiento pleno y legal para que se puedan ejercer las labores de justica tal y como lo han determinado los pobladores.<\/span><br \/>\n&nbsp;<br \/>\n<span style=\"font-weight: 400;\">Se refiri\u00f3, adem\u00e1s, en las recomendaciones que la Comisi\u00f3n Nacional de los Derechos Humanos hiciera en el sentido de que se reformen las leyes necesarias para garantizar el principio de autonom\u00eda y determinaci\u00f3n de los pueblos ind\u00edgenas, tambi\u00e9n a la Fiscal\u00eda General del Estado le plantea establecer las medidas adecuadas para la reparaci\u00f3n del da\u00f1o, es decir, se deben reconocer las violaciones a los derechos fundamentales de las comunidades ind\u00edgenas. <\/span><br \/>\n&nbsp;<br \/>\n<span style=\"font-weight: 400;\">Mej\u00eda Berdeja afirm\u00f3 que en el contexto de justicia ind\u00edgena, merece un reconocimiento la Coordinadora Regional de Autoridades Comunitarias, CRAC por sus siglas, que ha dado muestra de su importancia para el desarrollo con base en la lucha por la defensa de territorio, su cultura, sus instituciones y su identidad, constituye dijo, uno de los procesos auton\u00f3micos m\u00e1s importantes en el pa\u00eds, particularmente en lo que refiere a sus pr\u00e1cticas de justicia y seguridad, basadas en las asambleas comunitarias como m\u00e1ximos \u00f3rganos de autoridad y decisi\u00f3n.<\/span><br \/>\n&nbsp;<br \/>\n<span style=\"font-weight: 400;\">Raz\u00f3n por la cual, el diputado presenta las reformas constitucionales que defini\u00f3 como el m\u00ednimo para una adecuada justicia ind\u00edgena. El marco normativo guerrerense debe adecuarse recalc\u00f3, si bien el sistema comunitario de justicia tiene un reconocimiento legal no lo tiene de facto por parte de las autoridades y hace que se desconozca su autoridad jurisdicci\u00f3n y personalidad jur\u00eddica.<\/span><br \/>\n&nbsp;<br \/>\n<span style=\"font-weight: 400;\">En otro punto de la sesi\u00f3n, el diputado presidente de la Comisi\u00f3n de Seguridad P\u00fablica pronunci\u00f3 un exhorto al Consejo de la Judicatura Federal a fin de que sea \u00e9sta quien revise la actuaci\u00f3n de un juez de distrito con sede en Acapulco quien con argumentos que a\u00fan resultan opacos, reclasific\u00f3 el delito por el cual se detuvo a unos de los delincuentes objetivo del Gabinete de Seguridad Federal dej\u00e1ndolo en libertad para enfrentar su proceso. <\/span><br \/>\n&nbsp;<\/p>\n","protected":false},"excerpt":{"rendered":"<p>*Reconoce labor de la CRAC **Propone exhorto para investigar a juez federal que liber\u00f3 a delincuentes Presenta Ricardo Mej\u00eda Berdeja reforma constitucional que busca dar sustento jur\u00eddico a las polic\u00edas&hellip; <\/p>\n","protected":false},"author":1,"featured_media":0,"comment_status":"open","ping_status":"open","sticky":false,"template":"","format":"standard","meta":{"fifu_image_url":"","fifu_image_alt":"","footnotes":""},"categories":[2,8],"tags":[],"class_list":["post-3934","post","type-post","status-publish","format-standard","hentry","category-congreso","category-featured"],"_links":{"self":[{"href":"https:\/\/www.interaccionnoticias.com.mx\/index.php?rest_route=\/wp\/v2\/posts\/3934","targetHints":{"allow":["GET"]}}],"collection":[{"href":"https:\/\/www.interaccionnoticias.com.mx\/index.php?rest_route=\/wp\/v2\/posts"}],"about":[{"href":"https:\/\/www.interaccionnoticias.com.mx\/index.php?rest_route=\/wp\/v2\/types\/post"}],"author":[{"embeddable":true,"href":"https:\/\/www.interaccionnoticias.com.mx\/index.php?rest_route=\/wp\/v2\/users\/1"}],"replies":[{"embeddable":true,"href":"https:\/\/www.interaccionnoticias.com.mx\/index.php?rest_route=%2Fwp%2Fv2%2Fcomments&post=3934"}],"version-history":[{"count":0,"href":"https:\/\/www.interaccionnoticias.com.mx\/index.php?rest_route=\/wp\/v2\/posts\/3934\/revisions"}],"wp:attachment":[{"href":"https:\/\/www.interaccionnoticias.com.mx\/index.php?rest_route=%2Fwp%2Fv2%2Fmedia&parent=3934"}],"wp:term":[{"taxonomy":"category","embeddable":true,"href":"https:\/\/www.interaccionnoticias.com.mx\/index.php?rest_route=%2Fwp%2Fv2%2Fcategories&post=3934"},{"taxonomy":"post_tag","embeddable":true,"href":"https:\/\/www.interaccionnoticias.com.mx\/index.php?rest_route=%2Fwp%2Fv2%2Ftags&post=3934"}],"curies":[{"name":"wp","href":"https:\/\/api.w.org\/{rel}","templated":true}]}}