{"id":39322,"date":"2021-12-17T14:52:16","date_gmt":"2021-12-17T20:52:16","guid":{"rendered":"https:\/\/interaccionnoticias.com.mx\/?p=39322"},"modified":"2021-12-17T14:52:21","modified_gmt":"2021-12-17T20:52:21","slug":"carcel-pero-para-capufe-responden-organizaciones-sociales-al-senado","status":"publish","type":"post","link":"https:\/\/www.interaccionnoticias.com.mx\/?p=39322","title":{"rendered":"\u201cC\u00e1rcel pero para Capufe\u201d, responden organizaciones sociales al Senado"},"content":{"rendered":"\n<p><strong><em>&#8211; Tras la aprobaci\u00f3n de reforma que sanciona hasta con siete a\u00f1os de c\u00e1rcel a quienes tomen las casetas de peaje de carreteras de cuota<\/em><\/strong>\u00a0\u00a0<\/p>\n\n\n\n<p><strong>Rogelio Agust\u00edn<\/strong><\/p>\n\n\n\n<p>\u201cC\u00e1rcel s\u00ed, pero para Capufe\u201d, se\u00f1alaron representantes de organizaciones sociales de Guerrero, al referirse a la reforma aprobada en el Senado de la Rep\u00fablica, que sanciona hasta con siete a\u00f1os de prisi\u00f3n a quienes toman bajo su control las casetas de peaje de las carreteras de cuota.<\/p>\n\n\n\n<p>La jornada del viernes, representantes de organizaciones sociales de las siete regiones del estado, acudieron a Palacio de Gobierno para solicitar una audiencia de car\u00e1cter urgente a la titular del Poder Ejecutivo local, Evelyn Salgado Pineda.<\/p>\n\n\n\n<p>A la petici\u00f3n de audiencia llegaron integrantes del colectivo \u201cNos Faltan 43\u201d; de \u201cLos Olvidados de Ayorzinapa\u201d, del Consejo de Ejidos y Comunidades Opositoras a la Parota (Cecop), del Centro de Derechos Humanos Minerva Bello y entre otros, del Frente de Defensa Popular (FDP).<\/p>\n\n\n\n<p>En la puerta de acceso al Palacio de Gobierno, aprovecharon el espacio para fijar una postura respecto a la reforma al C\u00f3digo Federal de Procedimientos Penales aprobado en el Senado de la Rep\u00fablica, que considera sanciones de hasta siete a\u00f1os de c\u00e1rcel a quienes incurran en la toma de casetas de peaje en las carreteras de cuota.<\/p>\n\n\n\n<p>\u201cQue se castigue con c\u00e1rcel pero a los directivos de Capufe, pues el dinero que ah\u00ed se cobra no se est\u00e1 utilizando para el beneficio del pueblo\u201d, se\u00f1al\u00f3 Clemencia Guevara Tejedor, dirigente del FDP.<\/p>\n\n\n\n<p>Para la representante del Frente Popular, es evidente que con dicha se reforma se criminaliza la lucha social, pero de ninguna manera se toca a los responsables de las instituciones que por incumplir con sus funciones, provocan la inconformidad de la gente, que recurre a la protesta para hacer valer sus inconformidades.<\/p>\n\n\n\n<p>Francisco de Jes\u00fas Echeverr\u00eda, vocero de \u201cLos Olvidados\u201d, se\u00f1al\u00f3 que el presidente de la Rep\u00fablica, Andr\u00e9s Manuel L\u00f3pez Obrador no debe olvidar que en su momento, cuando era oposici\u00f3n, impulso movilizaciones fuertes, tanto en su natal Tabasco como en otras partes del pa\u00eds.<\/p>\n\n\n\n<p>En el caso de Marco Antonio Suastegui Mu\u00f1oz, vocero del CECOP, se debe hacer una convocatoria a todas las organizaciones de Guerrero para integrar un frente com\u00fan, pues hace ya m\u00e1s de dos meses que han solicitado audiencia a la gobernadora Salgado Pineda, sin que hasta el momento se les atienda.<\/p>\n\n\n\n<p>\u201cNosotros somos los que votamos por ella, sacamos de Casa Guerrero al PRI y tambi\u00e9n de Palacio, pero no va a servir de nada si no tenemos un gobierno que verdaderamente tenga actitudes de izquierda\u201d, manifest\u00f3.<\/p>\n\n\n\n<p>Francisco Echeverr\u00eda se\u00f1al\u00f3 que la presi\u00f3n social sirve, prueba de ello es que en el Congreso se sac\u00f3 de la terna de aspirantes a la Fiscal\u00eda General del Estado (FGE) al abogado Ram\u00f3n Almonte Borja, quien estaba vetado por el normalismo rural para ocupar el cargo, ya que en diciembre de 2011, cuando su hermano Gabriel y su compa\u00f1ero Alexis Herrera Pino fueron asesinados, el ex aspirante se desempe\u00f1aba como titular de la Secretar\u00eda de Seguridad P\u00fablica (SSP).<\/p>\n","protected":false},"excerpt":{"rendered":"<p>&#8211; Tras la aprobaci\u00f3n de reforma que sanciona hasta con siete a\u00f1os de c\u00e1rcel a quienes tomen las casetas de peaje de carreteras de cuota\u00a0\u00a0 Rogelio Agust\u00edn \u201cC\u00e1rcel s\u00ed, pero&hellip; <\/p>\n","protected":false},"author":21,"featured_media":39323,"comment_status":"open","ping_status":"open","sticky":false,"template":"","format":"standard","meta":{"fifu_image_url":"","fifu_image_alt":"","footnotes":""},"categories":[15],"tags":[],"class_list":["post-39322","post","type-post","status-publish","format-standard","has-post-thumbnail","hentry","category-movimientos-sociales"],"_links":{"self":[{"href":"https:\/\/www.interaccionnoticias.com.mx\/index.php?rest_route=\/wp\/v2\/posts\/39322","targetHints":{"allow":["GET"]}}],"collection":[{"href":"https:\/\/www.interaccionnoticias.com.mx\/index.php?rest_route=\/wp\/v2\/posts"}],"about":[{"href":"https:\/\/www.interaccionnoticias.com.mx\/index.php?rest_route=\/wp\/v2\/types\/post"}],"author":[{"embeddable":true,"href":"https:\/\/www.interaccionnoticias.com.mx\/index.php?rest_route=\/wp\/v2\/users\/21"}],"replies":[{"embeddable":true,"href":"https:\/\/www.interaccionnoticias.com.mx\/index.php?rest_route=%2Fwp%2Fv2%2Fcomments&post=39322"}],"version-history":[{"count":1,"href":"https:\/\/www.interaccionnoticias.com.mx\/index.php?rest_route=\/wp\/v2\/posts\/39322\/revisions"}],"predecessor-version":[{"id":39324,"href":"https:\/\/www.interaccionnoticias.com.mx\/index.php?rest_route=\/wp\/v2\/posts\/39322\/revisions\/39324"}],"wp:featuredmedia":[{"embeddable":true,"href":"https:\/\/www.interaccionnoticias.com.mx\/index.php?rest_route=\/wp\/v2\/media\/39323"}],"wp:attachment":[{"href":"https:\/\/www.interaccionnoticias.com.mx\/index.php?rest_route=%2Fwp%2Fv2%2Fmedia&parent=39322"}],"wp:term":[{"taxonomy":"category","embeddable":true,"href":"https:\/\/www.interaccionnoticias.com.mx\/index.php?rest_route=%2Fwp%2Fv2%2Fcategories&post=39322"},{"taxonomy":"post_tag","embeddable":true,"href":"https:\/\/www.interaccionnoticias.com.mx\/index.php?rest_route=%2Fwp%2Fv2%2Ftags&post=39322"}],"curies":[{"name":"wp","href":"https:\/\/api.w.org\/{rel}","templated":true}]}}