{"id":3931,"date":"2017-05-02T14:04:29","date_gmt":"2017-05-02T19:04:29","guid":{"rendered":"http:\/\/www.inter-accion.com.mx\/?p=3931"},"modified":"2017-05-02T14:04:29","modified_gmt":"2017-05-02T19:04:29","slug":"maestros-de-la-ceteg-toman-la-caseta-de-peaje-de-palo-blanco","status":"publish","type":"post","link":"https:\/\/www.interaccionnoticias.com.mx\/?p=3931","title":{"rendered":"Maestros de la CETEG toman la caseta de peaje de Palo Blanco"},"content":{"rendered":"<p>Maestros de la Coordinadora Estatal de Trabajadores de la Educaci\u00f3n de Guerrero (CETEG) tomaron la caseta de peaje de la Autopista del Sol, lo que propici\u00f3 que la Polic\u00eda Federal (PF) suspendiera la circulaci\u00f3n vial en dicha carretera de cuota.<br \/>\nA partir de las 11:30 horas, un grupo de maestros disidentes llegaron a las instalaciones de la caseta de peaje de referencia, en donde se apoderaron de los m\u00f3dulos de cobro con la intenci\u00f3n de abrir la circulaci\u00f3n vial.<br \/>\nEl personal de Capufe se repleg\u00f3 dejando a los mentores que dirige Arcangel Ram\u00edrez Perulero en el control de la caseta.<br \/>\nLa Polic\u00eda Federal (PF) cort\u00f3 la circulaci\u00f3n en la autopista, lo que impidi\u00f3 que los usuarios pasaran por los m\u00f3dulos de cobro y aportaran la cooperaci\u00f3n voluntaria que requer\u00edan los mentores.<br \/>\nArcangel Ram\u00edrez Perulero, secretario general de la CETEG, sostuvo que la jornada del s\u00e1bado consiguieron el reconocimiento de 700 plazas de trabajadores en la n\u00f3mina federal, se espera que en los pr\u00f3ximos d\u00edas la cantidad se incremente.<\/p>\n","protected":false},"excerpt":{"rendered":"<p>Maestros de la Coordinadora Estatal de Trabajadores de la Educaci\u00f3n de Guerrero (CETEG) tomaron la caseta de peaje de la Autopista del Sol, lo que propici\u00f3 que la Polic\u00eda Federal&hellip; <\/p>\n","protected":false},"author":1,"featured_media":0,"comment_status":"open","ping_status":"open","sticky":false,"template":"","format":"standard","meta":{"fifu_image_url":"","fifu_image_alt":"","footnotes":""},"categories":[8,15],"tags":[],"class_list":["post-3931","post","type-post","status-publish","format-standard","hentry","category-featured","category-movimientos-sociales"],"_links":{"self":[{"href":"https:\/\/www.interaccionnoticias.com.mx\/index.php?rest_route=\/wp\/v2\/posts\/3931","targetHints":{"allow":["GET"]}}],"collection":[{"href":"https:\/\/www.interaccionnoticias.com.mx\/index.php?rest_route=\/wp\/v2\/posts"}],"about":[{"href":"https:\/\/www.interaccionnoticias.com.mx\/index.php?rest_route=\/wp\/v2\/types\/post"}],"author":[{"embeddable":true,"href":"https:\/\/www.interaccionnoticias.com.mx\/index.php?rest_route=\/wp\/v2\/users\/1"}],"replies":[{"embeddable":true,"href":"https:\/\/www.interaccionnoticias.com.mx\/index.php?rest_route=%2Fwp%2Fv2%2Fcomments&post=3931"}],"version-history":[{"count":0,"href":"https:\/\/www.interaccionnoticias.com.mx\/index.php?rest_route=\/wp\/v2\/posts\/3931\/revisions"}],"wp:attachment":[{"href":"https:\/\/www.interaccionnoticias.com.mx\/index.php?rest_route=%2Fwp%2Fv2%2Fmedia&parent=3931"}],"wp:term":[{"taxonomy":"category","embeddable":true,"href":"https:\/\/www.interaccionnoticias.com.mx\/index.php?rest_route=%2Fwp%2Fv2%2Fcategories&post=3931"},{"taxonomy":"post_tag","embeddable":true,"href":"https:\/\/www.interaccionnoticias.com.mx\/index.php?rest_route=%2Fwp%2Fv2%2Ftags&post=3931"}],"curies":[{"name":"wp","href":"https:\/\/api.w.org\/{rel}","templated":true}]}}