{"id":39271,"date":"2021-12-16T23:54:53","date_gmt":"2021-12-17T05:54:53","guid":{"rendered":"https:\/\/interaccionnoticias.com.mx\/?p=39271"},"modified":"2021-12-17T08:37:02","modified_gmt":"2021-12-17T14:37:02","slug":"lider-parlamentario-del-pri-reprocha-desprecio-del-secrerario-de-finanzas-hacia-el-congreso-local","status":"publish","type":"post","link":"https:\/\/www.interaccionnoticias.com.mx\/?p=39271","title":{"rendered":"L\u00edder parlamentario del PRI reprocha \u00abdesprecio\u00bb del secrerario de Finanzas hacia el Congreso local"},"content":{"rendered":"\n<p><strong><em>&#8211; Raymundo Segura no acude a las reuniones convo cadas por los diputados locales<\/em><\/strong><\/p>\n\n\n\n<p><strong>Vianey Ponce<\/strong>&nbsp;<\/p>\n\n\n\n<p>El coordinador de la fracci\u00f3n parlamentaria del Partido Revolucionario Institucional (PRI) en el Congreso local, H\u00e9ctor Apreza Patr\u00f3n calific\u00f3 como grave que el titular de la Secretar\u00eda de Fianzas,&nbsp;Raymundo Segura Estrada desprecie las convocatorias hechas por las comisiones encargadas de analizar el paquete fiscal de 2022.<\/p>\n\n\n\n<p>El secretario de la Junta de Coordinaci\u00f3n Pol\u00edtica (JUCOPO), calific\u00f3 la actitud del titular de Finanzas como actos de desd\u00e9n y desprecio&nbsp;&nbsp;hacia el Poder Legislativo, ya que son dos ocasiones en que ha dejado plantados a los representantes populares.<\/p>\n\n\n\n<p>Dijo, en los 20 a\u00f1os que ha estado vinculado al Poder Legiativo, nunca hab\u00eda visto una actitud similar.<\/p>\n\n\n\n<p>&nbsp;\u00abQuiere decir que el tema de la Ley de ingresos y la aprobaci\u00f3n del presupuesto para el secretario no tiene importancia\u00bb, apunt\u00f3.<\/p>\n\n\n\n<p>Agreg\u00f3: \u00abNo le importa la ley de ingresos ni le importa tener un presupuesto aprobado por el Congreso para el 2022, ese es el mensaje que estamos recibiendo\u00bb.&nbsp;<\/p>\n\n\n\n<p>Incluso, dijo que la negativa de secretario para acudir a las reuniones con la Comisi\u00f3n de Presupuesto y Cuenta P\u00fablica, sorprende a los diputados de todos los partidos pol\u00edticos, incluyendo a las y los legisladores de Morena, partido que gobierna actualmente.&nbsp;<\/p>\n\n\n\n<p>Explic\u00f3 que todas las reuniones pactadas han sido canceladas, porque en lugar del secretario acuden los subsecretarios de la dependencia, y cuando a los subsecretarios se les pide que acuda el titular, la respuesta es: \u00abveremos cuando tiene tiempo\u00bb.&nbsp;<\/p>\n\n\n\n<p>Adem\u00e1s del desaire, el diputado local puntualiz\u00f3 que su inasistencia tambi\u00e9n retrasa el proceso para el an\u00e1lisis, discusi\u00f3n y aprobaci\u00f3n de la Ley de Ingresos y el presupuesto, lo que podr\u00eda terminar en una violaci\u00f3n a la Ley Org\u00e1nica del Congreso local.&nbsp;<\/p>\n\n\n\n<p>Record\u00f3 tambi\u00e9n que se violenta el mandato de Congreso reci\u00e9n aprobado, en el que se especifica que todas las comisiones se reunir\u00e1n con el organismo legislativo de presupuesto para analizar el proyecto, pues antes debe darse el encuentro con el titular de la SEFINA.<\/p>\n","protected":false},"excerpt":{"rendered":"<p>&#8211; Raymundo Segura no acude a las reuniones convo cadas por los diputados locales Vianey Ponce&nbsp; El coordinador de la fracci\u00f3n parlamentaria del Partido Revolucionario Institucional (PRI) en el Congreso&hellip; <\/p>\n","protected":false},"author":20,"featured_media":39272,"comment_status":"open","ping_status":"open","sticky":false,"template":"","format":"standard","meta":{"fifu_image_url":"","fifu_image_alt":"","footnotes":""},"categories":[2],"tags":[113,164],"class_list":["post-39271","post","type-post","status-publish","format-standard","has-post-thumbnail","hentry","category-congreso","tag-hector-apreza-patron","tag-pri"],"_links":{"self":[{"href":"https:\/\/www.interaccionnoticias.com.mx\/index.php?rest_route=\/wp\/v2\/posts\/39271","targetHints":{"allow":["GET"]}}],"collection":[{"href":"https:\/\/www.interaccionnoticias.com.mx\/index.php?rest_route=\/wp\/v2\/posts"}],"about":[{"href":"https:\/\/www.interaccionnoticias.com.mx\/index.php?rest_route=\/wp\/v2\/types\/post"}],"author":[{"embeddable":true,"href":"https:\/\/www.interaccionnoticias.com.mx\/index.php?rest_route=\/wp\/v2\/users\/20"}],"replies":[{"embeddable":true,"href":"https:\/\/www.interaccionnoticias.com.mx\/index.php?rest_route=%2Fwp%2Fv2%2Fcomments&post=39271"}],"version-history":[{"count":2,"href":"https:\/\/www.interaccionnoticias.com.mx\/index.php?rest_route=\/wp\/v2\/posts\/39271\/revisions"}],"predecessor-version":[{"id":39316,"href":"https:\/\/www.interaccionnoticias.com.mx\/index.php?rest_route=\/wp\/v2\/posts\/39271\/revisions\/39316"}],"wp:featuredmedia":[{"embeddable":true,"href":"https:\/\/www.interaccionnoticias.com.mx\/index.php?rest_route=\/wp\/v2\/media\/39272"}],"wp:attachment":[{"href":"https:\/\/www.interaccionnoticias.com.mx\/index.php?rest_route=%2Fwp%2Fv2%2Fmedia&parent=39271"}],"wp:term":[{"taxonomy":"category","embeddable":true,"href":"https:\/\/www.interaccionnoticias.com.mx\/index.php?rest_route=%2Fwp%2Fv2%2Fcategories&post=39271"},{"taxonomy":"post_tag","embeddable":true,"href":"https:\/\/www.interaccionnoticias.com.mx\/index.php?rest_route=%2Fwp%2Fv2%2Ftags&post=39271"}],"curies":[{"name":"wp","href":"https:\/\/api.w.org\/{rel}","templated":true}]}}