{"id":39266,"date":"2021-12-16T19:30:45","date_gmt":"2021-12-17T01:30:45","guid":{"rendered":"https:\/\/interaccionnoticias.com.mx\/?p=39266"},"modified":"2021-12-17T08:37:41","modified_gmt":"2021-12-17T14:37:41","slug":"advierten-sobre-la-lentitud-con-la-que-avanza-el-proceso-de-designacion-del-nuevo-fiscal-en-guerrero","status":"publish","type":"post","link":"https:\/\/www.interaccionnoticias.com.mx\/?p=39266","title":{"rendered":"Advierten sobre la lentitud con la que avanza el proceso de designaci\u00f3n del nuevo fiscal en Guerrero"},"content":{"rendered":"\n<p><strong><em>&#8211; A cuatro d\u00edas de que lleg\u00f3 la terna, todav\u00eda no se tiene un calendario ni formato de comparecencias<br>&#8211; Hay fecha fatal para nombrar al fiscal, advierte el coordinador parlamentario del PRI<\/em><\/strong>&nbsp;&nbsp;<\/p>\n\n\n\n<p><strong>Rogelio Agust\u00edn<\/strong><\/p>\n\n\n\n<p>Pese a que han transcurrido cuatro, de los diez d\u00edas que el Congreso local tiene para designar al titular de la Fiscal\u00eda General del Estado (FGE), la Junta de Coordinaci\u00f3n Pol\u00edtica (Jucopo) todav\u00eda no define las fechas, ni el formato que habr\u00e1 de regir a las comparecencias de la terna de abogados enviada por la gobernadora Evelyn Salgado Pineda.<\/p>\n\n\n\n<p>La jornada del lunes 13 de diciembre, la titular del Poder Ejecutivo local remiti\u00f3 al Congreso la terna de aspirantes que considera, podr\u00edan quedar al frente de la FGE, instituci\u00f3n que funciona con un encargado de despacho desde el pasado 15 de noviembre, cuando entr\u00f3 en vigor la renuncia de Jorge Zuriel de los Santos Barrila.<\/p>\n\n\n\n<p>A partir de esa fecha, comenz\u00f3 a correr un t\u00e9rmino legal de diez d\u00edas que la Jucopo tiene para programar la comparecencia de los aspirantes, con la intenci\u00f3n de escuchar su propuesta de trabajo, formular las preguntas que los diputados consideren pertinentes y despu\u00e9s proceder a elaborar un dictamen.<\/p>\n\n\n\n<p>Para el 23 de noviembre, el Congreso de Guerrero deber\u00eda estar en condiciones de tomar la protesta correspondiente al nuevo titular de la FGE.<\/p>\n\n\n\n<p>La terna fue presentada ante el Pleno apenas el pasado mi\u00e9rcoles 15 de diciembre y se turn\u00f3 inmediatamente a la Jucopo, que preside el coordinador de la fracci\u00f3n parlamentaria de Morena, Alfredo S\u00e1nchez Esquivel.&nbsp;&nbsp;<\/p>\n\n\n\n<p>H\u00e9ctor Apreza Patr\u00f3n, coordinador de la bancada del PRI, se\u00f1al\u00f3 que la misma jornada del mi\u00e9rcoles 15, \u00e9l, junto con el coordinador del PRD, Raymundo Garc\u00eda Guti\u00e9rrez, adem\u00e1s de los representantes parlamentarios del PVEM y PAN, solicitaron al presidente, tomando como argumento la base n\u00famero nueve de la convocatoria, que se les trabajara ya en todo lo relacionado con las fechas y el formato que se debe seguir para realizar las comparecencias de los aspirantes a la FGE.<\/p>\n\n\n\n<p>\u201cPedimos que nos diga cuando ser\u00e1n, pues tenemos mucho inter\u00e9s para hacer las preguntas, pero hasta el momento no tenemos todav\u00eda la fecha, ni una propuesta de formato\u201d, anot\u00f3.<\/p>\n\n\n\n<p>Indic\u00f3 que el t\u00e9rmino para la culminaci\u00f3n del procedimiento, que comenz\u00f3 el pasado 10 de noviembre vence el pr\u00f3ximo 23 de diciembre, de tal manera que los seis integrantes de la Jucopo tienen que reunirse para darle el curso correspondiente.<\/p>\n\n\n\n<p>Para este viernes habr\u00e1n pasado cuatro de los diez d\u00edas que se tienen de plazo para culminar con la designaci\u00f3n del fiscal, se\u00f1al\u00f3 el secretario de la Jucopo.<\/p>\n\n\n\n<p>\u201cLa verdad es que los tiempos se van acercando brutalmente, por eso es que ya pedimos que se haga la calendarizaci\u00f3n; no es que alguien tenga prisa pero hay fechas fatales para ello\u201d, anot\u00f3 el representante popular.<\/p>\n\n\n\n<p>H\u00e9ctor Apreza Patr\u00f3n sostuvo que el tema de la Fiscal\u00eda debe desahogarse con un car\u00e1cter prioritario, pues para el an\u00e1lisis del paquete fiscal se puede llegar incluso hasta el 31 de diciembre.<\/p>\n","protected":false},"excerpt":{"rendered":"<p>&#8211; A cuatro d\u00edas de que lleg\u00f3 la terna, todav\u00eda no se tiene un calendario ni formato de comparecencias&#8211; Hay fecha fatal para nombrar al fiscal, advierte el coordinador parlamentario&hellip; <\/p>\n","protected":false},"author":21,"featured_media":39261,"comment_status":"open","ping_status":"open","sticky":false,"template":"","format":"standard","meta":{"fifu_image_url":"","fifu_image_alt":"","footnotes":""},"categories":[2],"tags":[113,164],"class_list":["post-39266","post","type-post","status-publish","format-standard","has-post-thumbnail","hentry","category-congreso","tag-hector-apreza-patron","tag-pri"],"_links":{"self":[{"href":"https:\/\/www.interaccionnoticias.com.mx\/index.php?rest_route=\/wp\/v2\/posts\/39266","targetHints":{"allow":["GET"]}}],"collection":[{"href":"https:\/\/www.interaccionnoticias.com.mx\/index.php?rest_route=\/wp\/v2\/posts"}],"about":[{"href":"https:\/\/www.interaccionnoticias.com.mx\/index.php?rest_route=\/wp\/v2\/types\/post"}],"author":[{"embeddable":true,"href":"https:\/\/www.interaccionnoticias.com.mx\/index.php?rest_route=\/wp\/v2\/users\/21"}],"replies":[{"embeddable":true,"href":"https:\/\/www.interaccionnoticias.com.mx\/index.php?rest_route=%2Fwp%2Fv2%2Fcomments&post=39266"}],"version-history":[{"count":2,"href":"https:\/\/www.interaccionnoticias.com.mx\/index.php?rest_route=\/wp\/v2\/posts\/39266\/revisions"}],"predecessor-version":[{"id":39317,"href":"https:\/\/www.interaccionnoticias.com.mx\/index.php?rest_route=\/wp\/v2\/posts\/39266\/revisions\/39317"}],"wp:featuredmedia":[{"embeddable":true,"href":"https:\/\/www.interaccionnoticias.com.mx\/index.php?rest_route=\/wp\/v2\/media\/39261"}],"wp:attachment":[{"href":"https:\/\/www.interaccionnoticias.com.mx\/index.php?rest_route=%2Fwp%2Fv2%2Fmedia&parent=39266"}],"wp:term":[{"taxonomy":"category","embeddable":true,"href":"https:\/\/www.interaccionnoticias.com.mx\/index.php?rest_route=%2Fwp%2Fv2%2Fcategories&post=39266"},{"taxonomy":"post_tag","embeddable":true,"href":"https:\/\/www.interaccionnoticias.com.mx\/index.php?rest_route=%2Fwp%2Fv2%2Ftags&post=39266"}],"curies":[{"name":"wp","href":"https:\/\/api.w.org\/{rel}","templated":true}]}}