{"id":39229,"date":"2021-12-15T18:08:08","date_gmt":"2021-12-16T00:08:08","guid":{"rendered":"https:\/\/interaccionnoticias.com.mx\/?p=39229"},"modified":"2021-12-16T10:40:33","modified_gmt":"2021-12-16T16:40:33","slug":"avizora-una-buena-temporada-turistica-decembrina-abelina-lopez","status":"publish","type":"post","link":"https:\/\/www.interaccionnoticias.com.mx\/?p=39229","title":{"rendered":"Avizora una buena temporada tur\u00edstica decembrina: Abelina L\u00f3pez"},"content":{"rendered":"\n<p><strong><em>&#8211; Se busca que contin\u00faen los vuelos<\/em><\/strong><\/p>\n\n\n\n<p><strong>Javier Trujillo<\/strong><\/p>\n\n\n\n<p><strong>Acapulco, Gro.- <\/strong>A unos d\u00edas de arrancar la temporada tur\u00edstica decembrina, la alcaldesa porte\u00f1a, Abelina L\u00f3pez Rodr\u00edguez, manifest\u00f3 que se espera una buena afluencia de visitantes, lo que ser\u00e1 ben\u00e9fico para el puerto despu\u00e9s de dos a\u00f1os de inactividad a causa de la pandemia de COVID-19.<\/p>\n\n\n\n<p>\u201cSe avizora un buen diciembre, una buena afluencia tur\u00edstica\u201d, dijo.<\/p>\n\n\n\n<p>Entrevistada al recibir a turistas provenientes de Montreal, Canad\u00e1 y Houston, Estados Unidos, Abelina L\u00f3pez afirm\u00f3 \u201ccreo que esto da una buena se\u00f1al, claro, nos corresponde a nosotros, los tres \u00f3rdenes de gobierno hacer que la ciudad tenga seguridad, que est\u00e9 limpia<\/p>\n\n\n\n<p>\u00abEn el tema del agua, el tema de los servicios, entonces hoy no puede haber pretexto, hay coordinaci\u00f3n estrecha entre todos los \u00f3rdenes de gobierno\u201d, sostuvo.<\/p>\n\n\n\n<p>La presidente municipal indic\u00f3 que seguir\u00e1n llegando m\u00e1s vuelos hasta el mes de febrero y se buscar\u00e1 que se reactiven de manera permanente.<\/p>\n\n\n\n<p>L\u00f3pez Rodr\u00edguez, afirm\u00f3 que hay una coordinaci\u00f3n entre los tres \u00f3rdenes de gobierno para brindar la seguridad en esta temporada; reiter\u00f3 que llegar\u00e1n m\u00e1s agentes de la Secretar\u00eda de Marina y de la Guardia Nacional como refuerzo.<\/p>\n","protected":false},"excerpt":{"rendered":"<p>&#8211; Se busca que contin\u00faen los vuelos Javier Trujillo Acapulco, Gro.- A unos d\u00edas de arrancar la temporada tur\u00edstica decembrina, la alcaldesa porte\u00f1a, Abelina L\u00f3pez Rodr\u00edguez, manifest\u00f3 que se espera&hellip; <\/p>\n","protected":false},"author":3,"featured_media":39230,"comment_status":"open","ping_status":"open","sticky":false,"template":"","format":"standard","meta":{"fifu_image_url":"","fifu_image_alt":"","footnotes":""},"categories":[23],"tags":[36,38,186],"class_list":["post-39229","post","type-post","status-publish","format-standard","has-post-thumbnail","hentry","category-regionales","tag-abelina-lopez-rodriguez","tag-acapulco","tag-turismo"],"_links":{"self":[{"href":"https:\/\/www.interaccionnoticias.com.mx\/index.php?rest_route=\/wp\/v2\/posts\/39229","targetHints":{"allow":["GET"]}}],"collection":[{"href":"https:\/\/www.interaccionnoticias.com.mx\/index.php?rest_route=\/wp\/v2\/posts"}],"about":[{"href":"https:\/\/www.interaccionnoticias.com.mx\/index.php?rest_route=\/wp\/v2\/types\/post"}],"author":[{"embeddable":true,"href":"https:\/\/www.interaccionnoticias.com.mx\/index.php?rest_route=\/wp\/v2\/users\/3"}],"replies":[{"embeddable":true,"href":"https:\/\/www.interaccionnoticias.com.mx\/index.php?rest_route=%2Fwp%2Fv2%2Fcomments&post=39229"}],"version-history":[{"count":1,"href":"https:\/\/www.interaccionnoticias.com.mx\/index.php?rest_route=\/wp\/v2\/posts\/39229\/revisions"}],"predecessor-version":[{"id":39231,"href":"https:\/\/www.interaccionnoticias.com.mx\/index.php?rest_route=\/wp\/v2\/posts\/39229\/revisions\/39231"}],"wp:featuredmedia":[{"embeddable":true,"href":"https:\/\/www.interaccionnoticias.com.mx\/index.php?rest_route=\/wp\/v2\/media\/39230"}],"wp:attachment":[{"href":"https:\/\/www.interaccionnoticias.com.mx\/index.php?rest_route=%2Fwp%2Fv2%2Fmedia&parent=39229"}],"wp:term":[{"taxonomy":"category","embeddable":true,"href":"https:\/\/www.interaccionnoticias.com.mx\/index.php?rest_route=%2Fwp%2Fv2%2Fcategories&post=39229"},{"taxonomy":"post_tag","embeddable":true,"href":"https:\/\/www.interaccionnoticias.com.mx\/index.php?rest_route=%2Fwp%2Fv2%2Ftags&post=39229"}],"curies":[{"name":"wp","href":"https:\/\/api.w.org\/{rel}","templated":true}]}}