{"id":39223,"date":"2021-12-15T17:50:38","date_gmt":"2021-12-15T23:50:38","guid":{"rendered":"https:\/\/interaccionnoticias.com.mx\/?p=39223"},"modified":"2021-12-17T07:45:26","modified_gmt":"2021-12-17T13:45:26","slug":"se-aplicara-la-ley-sin-distingo-ofrece-aspirante-a-la-fge","status":"publish","type":"post","link":"https:\/\/www.interaccionnoticias.com.mx\/?p=39223","title":{"rendered":"\u201cSe aplicar\u00e1 la ley sin distingo\u201d, ofrece aspirante a la FGE"},"content":{"rendered":"\n<p><strong><em>&#8212; Ludwig Marcial Reynoso niega que vaya a ser un \u201cfiscal carnal\u201d en caso de que el Congreso lo designe, pero admite que la suspicacia prevalece en muchos casos<\/em><\/strong><\/p>\n\n\n\n<p><strong>Rogelio Agust\u00edn<\/strong><\/p>\n\n\n\n<p>El subsecretario de Asuntos Pol\u00edticos del Gobierno de Guerrero, Ludwig Marcial Reynoso N\u00fa\u00f1ez neg\u00f3 que vaya a ser un \u201cfiscal carnal\u201d, en caso de que el Congreso lo favorezca con la designaci\u00f3n, por lo que anticip\u00f3, impulsar\u00e1 un modelo de procuraci\u00f3n de justicia en el que \u201cla ley se aplicar\u00e1 sin distingo\u201d.<\/p>\n\n\n\n<p>V\u00eda telef\u00f3nica, el funcionario de la administraci\u00f3n estatal sostuvo que participar en el proceso de designaci\u00f3n del pr\u00f3ximo titular de la Fiscal\u00eda General del Estado (FGE) entra\u00f1a una gran responsabilidad, por el trabajo que se tiene que sacar adelante.<\/p>\n\n\n\n<p>Cuestionado sobre la versi\u00f3n de que el ser\u00eda un fiscal carnal, completamente c\u00f3modo para la administraci\u00f3n estatal en turno, Reynoso N\u00fa\u00f1ez manifest\u00f3 que las denominaciones que se adjudican a los actores son producto de la percepci\u00f3n de algunas personas, que no necesariamente generan un consenso social.<\/p>\n\n\n\n<p>Sin embargo admiti\u00f3: \u201cLa suspicacia siempre estar\u00e1 presente\u201d.<\/p>\n\n\n\n<p>Y se\u00f1al\u00f3: \u201cLo importante es c\u00f3mo se afronte el reto que se tiene por delante, nosotros lo que podemos decir, es que actuaremos apegados a la honradez, al profesionalismo y que de contar con el apoyo del Congreso, la ley ser\u00e1 aplicada sin distingo\u201d.<\/p>\n\n\n\n<p>Precis\u00f3 que no por el hecho de que la Fiscal\u00eda sea una instituci\u00f3n aut\u00f3noma deba estar distanciada de los poderes p\u00fablicos, \u201cal contrario, deben ir de la mano porque se trata de una instancia que forma parte del sistema de Seguridad P\u00fablica, junto con la Secretar\u00eda del \u00e1rea y el Tribunal Superior de Justicia\u201d.<\/p>\n\n\n\n<p>Indic\u00f3 que en un estado y en un pa\u00eds, donde se tiene una cifra negra en la que el 98 porciento de los delitos no se denuncian, instituciones como la FGE no pueden ser manejadas como \u00ednsulas de poder, pues el Sistema de Seguridad debe integrarse para darle resultados a la sociedad.<\/p>\n\n\n\n<p>Reconoci\u00f3 lo que han dicho algunos actores del Congreso, en el sentido de que ya urge concretar la designaci\u00f3n, para darle continuidad y esclarecer los temas que se han presentado en los \u00faltimos d\u00edas y que han tenido un alto impacto.<\/p>\n\n\n\n<p>Anticip\u00f3 que de ser designado, lo que har\u00e1 en un primer momento es un diagn\u00f3stico de la situaci\u00f3n que prevalece al seno de la FGE, para establecer con claridad cuales son sus fortalezas y debilidades.<\/p>\n\n\n\n<p>El resultado de dicho diagn\u00f3stico, dijo que se dar\u00e1 a conocer, para que la sociedad tenga claridad sobre la dimensi\u00f3n del trabajo que se debe realizar.<\/p>\n\n\n\n<p>Asumi\u00f3 el compromiso de encarar los casos recientes pero tambi\u00e9n de retomar los que resultan emblem\u00e1ticos, entre ellos el asesinato cometido en contra del presidente del Congreso local, Armando Chavarr\u00eda Barrera.<\/p>\n","protected":false},"excerpt":{"rendered":"<p>&#8212; Ludwig Marcial Reynoso niega que vaya a ser un \u201cfiscal carnal\u201d en caso de que el Congreso lo designe, pero admite que la suspicacia prevalece en muchos casos Rogelio&hellip; <\/p>\n","protected":false},"author":21,"featured_media":39225,"comment_status":"open","ping_status":"open","sticky":false,"template":"","format":"standard","meta":{"fifu_image_url":"","fifu_image_alt":"","footnotes":""},"categories":[27],"tags":[99,213],"class_list":["post-39223","post","type-post","status-publish","format-standard","has-post-thumbnail","hentry","category-seguridad-publica","tag-fge","tag-ludwig-marcial-reynoso-nunez"],"_links":{"self":[{"href":"https:\/\/www.interaccionnoticias.com.mx\/index.php?rest_route=\/wp\/v2\/posts\/39223","targetHints":{"allow":["GET"]}}],"collection":[{"href":"https:\/\/www.interaccionnoticias.com.mx\/index.php?rest_route=\/wp\/v2\/posts"}],"about":[{"href":"https:\/\/www.interaccionnoticias.com.mx\/index.php?rest_route=\/wp\/v2\/types\/post"}],"author":[{"embeddable":true,"href":"https:\/\/www.interaccionnoticias.com.mx\/index.php?rest_route=\/wp\/v2\/users\/21"}],"replies":[{"embeddable":true,"href":"https:\/\/www.interaccionnoticias.com.mx\/index.php?rest_route=%2Fwp%2Fv2%2Fcomments&post=39223"}],"version-history":[{"count":1,"href":"https:\/\/www.interaccionnoticias.com.mx\/index.php?rest_route=\/wp\/v2\/posts\/39223\/revisions"}],"predecessor-version":[{"id":39226,"href":"https:\/\/www.interaccionnoticias.com.mx\/index.php?rest_route=\/wp\/v2\/posts\/39223\/revisions\/39226"}],"wp:featuredmedia":[{"embeddable":true,"href":"https:\/\/www.interaccionnoticias.com.mx\/index.php?rest_route=\/wp\/v2\/media\/39225"}],"wp:attachment":[{"href":"https:\/\/www.interaccionnoticias.com.mx\/index.php?rest_route=%2Fwp%2Fv2%2Fmedia&parent=39223"}],"wp:term":[{"taxonomy":"category","embeddable":true,"href":"https:\/\/www.interaccionnoticias.com.mx\/index.php?rest_route=%2Fwp%2Fv2%2Fcategories&post=39223"},{"taxonomy":"post_tag","embeddable":true,"href":"https:\/\/www.interaccionnoticias.com.mx\/index.php?rest_route=%2Fwp%2Fv2%2Ftags&post=39223"}],"curies":[{"name":"wp","href":"https:\/\/api.w.org\/{rel}","templated":true}]}}