{"id":39214,"date":"2021-12-15T16:00:17","date_gmt":"2021-12-15T22:00:17","guid":{"rendered":"https:\/\/interaccionnoticias.com.mx\/?p=39214"},"modified":"2021-12-17T07:55:24","modified_gmt":"2021-12-17T13:55:24","slug":"en-zihuatanejo-baja-33-los-homicidios-dolosos","status":"publish","type":"post","link":"https:\/\/www.interaccionnoticias.com.mx\/?p=39214","title":{"rendered":"En Zihuatanejo baja 33% los homicidios dolosos"},"content":{"rendered":"\n<p><strong><em>&#8211; En comparaci\u00f3n con el 2020<br>&#8211; Autoridades de los tres niveles de gobierno suman esfuerzos contra la violencia<\/em><\/strong>&nbsp;<\/p>\n\n\n\n<p><strong>Javier Trujillo<\/strong><\/p>\n\n\n\n<p><strong>Acapulco, Gro.-<\/strong> Ante la proximidad de la temporada vacacional decembrina, la gobernadora Evelyn Salgado Pineda, encabez\u00f3 en el municipio de Zihuatanejo la sesi\u00f3n diaria de la Mesa de Coordinaci\u00f3n para la Construcci\u00f3n de la paz, junto a autoridades militares y civiles.<\/p>\n\n\n\n<p>Ah\u00ed se inform\u00f3 del seguimiento a los operativos conjuntos por esta temporada de asueto y revis\u00f3 la incidencia delictiva que se registra en este binomio de playa.<\/p>\n\n\n\n<p>En la reuni\u00f3n estuvo el alcalde de Zihuatanejo, Jorge S\u00e1nchez Allec, quien se\u00f1al\u00f3 que el municipio de Zihuatanejo, presenta una disminuci\u00f3n del 33 por ciento, en comparativa al a\u00f1o 2020, en lo que refiere a homicidios dolosos.<\/p>\n\n\n\n<p>Presumi\u00f3 que el dato refleja la coordinaci\u00f3n de las fuerzas de seguridad federal, estatal y del municipio en la regi\u00f3n de la Costa Grande por lo que aseguro se arrojan resultados tangibles.<\/p>\n\n\n\n<p>Tambi\u00e9n, se refiri\u00f3 a la estrategia implementada para atender, sancionar y erradicar el tema de la violencia contra la mujer con el apoyo de la polic\u00eda municipal de g\u00e9nero y reiter\u00f3 una estrecha coordinaci\u00f3n con la Secretaria de Seguridad P\u00fablica Estatal, con quien dijo han realizado diversas capacitaciones.<\/p>\n\n\n\n<p>Del mismo modo, mencion\u00f3 que se ha tenido un mayor n\u00famero de procesos de judicializaci\u00f3n ante las estancias del Ministerio P\u00fablico de la regi\u00f3n al darle seguimiento a las denuncias presentadas.<\/p>\n\n\n\n<p>La gobernadora, ofreci\u00f3 su respaldo al alcalde S\u00e1nchez Allec, y dijo que continuar\u00e1 una coordinaci\u00f3n permanente con la Secretar\u00eda de Seguridad P\u00fablica, sumando a ello, a la Secretar\u00eda de la Mujer, para que en coordinaci\u00f3n con el Gobierno Municipal se siga el trabajo de prevenci\u00f3n contra la violencia hacia la mujeres.<\/p>\n\n\n\n<p>Lo anterior, como parte de una campa\u00f1a para coadyuvar con este municipio, al igual que se hace en todas las regiones en Guerrero.<\/p>\n\n\n\n<p>A la reuni\u00f3n asistieron el Comandante de la Novena Regi\u00f3n Militar, Celestino \u00c1vila Astudillo; el Comandante de la 35 Zona Militar, Miguel \u00c1ngel Aguirre Lara; el Comandante de la Octava Regi\u00f3n Naval Almirante Julio C\u00e9sar Pescina \u00c1vila, entre otros mandos civiles y militares.<\/p>\n","protected":false},"excerpt":{"rendered":"<p>&#8211; En comparaci\u00f3n con el 2020&#8211; Autoridades de los tres niveles de gobierno suman esfuerzos contra la violencia&nbsp; Javier Trujillo Acapulco, Gro.- Ante la proximidad de la temporada vacacional decembrina,&hellip; <\/p>\n","protected":false},"author":3,"featured_media":39205,"comment_status":"open","ping_status":"open","sticky":false,"template":"","format":"standard","meta":{"fifu_image_url":"","fifu_image_alt":"","footnotes":""},"categories":[27],"tags":[89,219],"class_list":["post-39214","post","type-post","status-publish","format-standard","has-post-thumbnail","hentry","category-seguridad-publica","tag-evelyn-salgado-pineda","tag-zihuatanejo"],"_links":{"self":[{"href":"https:\/\/www.interaccionnoticias.com.mx\/index.php?rest_route=\/wp\/v2\/posts\/39214","targetHints":{"allow":["GET"]}}],"collection":[{"href":"https:\/\/www.interaccionnoticias.com.mx\/index.php?rest_route=\/wp\/v2\/posts"}],"about":[{"href":"https:\/\/www.interaccionnoticias.com.mx\/index.php?rest_route=\/wp\/v2\/types\/post"}],"author":[{"embeddable":true,"href":"https:\/\/www.interaccionnoticias.com.mx\/index.php?rest_route=\/wp\/v2\/users\/3"}],"replies":[{"embeddable":true,"href":"https:\/\/www.interaccionnoticias.com.mx\/index.php?rest_route=%2Fwp%2Fv2%2Fcomments&post=39214"}],"version-history":[{"count":2,"href":"https:\/\/www.interaccionnoticias.com.mx\/index.php?rest_route=\/wp\/v2\/posts\/39214\/revisions"}],"predecessor-version":[{"id":39307,"href":"https:\/\/www.interaccionnoticias.com.mx\/index.php?rest_route=\/wp\/v2\/posts\/39214\/revisions\/39307"}],"wp:featuredmedia":[{"embeddable":true,"href":"https:\/\/www.interaccionnoticias.com.mx\/index.php?rest_route=\/wp\/v2\/media\/39205"}],"wp:attachment":[{"href":"https:\/\/www.interaccionnoticias.com.mx\/index.php?rest_route=%2Fwp%2Fv2%2Fmedia&parent=39214"}],"wp:term":[{"taxonomy":"category","embeddable":true,"href":"https:\/\/www.interaccionnoticias.com.mx\/index.php?rest_route=%2Fwp%2Fv2%2Fcategories&post=39214"},{"taxonomy":"post_tag","embeddable":true,"href":"https:\/\/www.interaccionnoticias.com.mx\/index.php?rest_route=%2Fwp%2Fv2%2Ftags&post=39214"}],"curies":[{"name":"wp","href":"https:\/\/api.w.org\/{rel}","templated":true}]}}