{"id":39201,"date":"2021-12-15T15:00:04","date_gmt":"2021-12-15T21:00:04","guid":{"rendered":"https:\/\/interaccionnoticias.com.mx\/?p=39201"},"modified":"2021-12-17T08:08:07","modified_gmt":"2021-12-17T14:08:07","slug":"dejan-a-hombre-encajuelado","status":"publish","type":"post","link":"https:\/\/www.interaccionnoticias.com.mx\/?p=39201","title":{"rendered":"Dejan a hombre encajuelado"},"content":{"rendered":"\n<p><strong><em>&#8211; Privado de la vida con torniquete<br>&#8211; Es hallado amarrado en un auto BMW<\/em><\/strong><\/p>\n\n\n\n<p><strong>Javier Trujillo<\/strong><\/p>\n\n\n\n<p><strong>Acapulco, Gro.-<\/strong> Un hombre fue privado de la vida con un torniquete en el cuello, y encontrado al interior de un autom\u00f3vil BMW encajuelado, atado de pies y manos, en la zona urbana del puerto de Acapulco.<\/p>\n\n\n\n<p>Los hechos fueron reportados al Servicio de Emergencia del 911, d\u00f3nde se indico que de un autom\u00f3vil negro, estacionado en la avenida Rancho Acapulco de la colonia Garita, de d\u00f3nde se desprenden f\u00e9tidos olores.<\/p>\n\n\n\n<p>La v\u00edctima, es un hombre que fue asesinado con un torniquete y su cuerpo abandonado en la cajuela de un coche, de la marca BMW,&nbsp;&nbsp;modelo 325i, negro, y que las autoridades lo reportaron como desconocido.<\/p>\n\n\n\n<p>Tras las primeras diligencias que realizaron el personal de los Servicios Periciales de la fiscal\u00eda, se orden\u00f3 al Servicio M\u00e9dico Forense (Semefo) el levantamiento cadav\u00e9rico y el traslado a la morgue.<\/p>\n\n\n\n<p>El veh\u00edculo, fue abandonado muy cerca de los m\u00f3dulos de cobro de la Comisi\u00f3n Federal de Electricidad (CFE), durante las primeras horas de este mi\u00e9rcoles, y reportado por los colonos durante la ma\u00f1ana de este d\u00eda.<\/p>\n\n\n\n<p>La circulaci\u00f3n en ambos sentidos de la vialidad, fueron suspendidos en ambos sentidos, con la finalidad de no alterar la escena del crimen en la zona.<\/p>\n","protected":false},"excerpt":{"rendered":"<p>&#8211; Privado de la vida con torniquete&#8211; Es hallado amarrado en un auto BMW Javier Trujillo Acapulco, Gro.- Un hombre fue privado de la vida con un torniquete en el&hellip; <\/p>\n","protected":false},"author":3,"featured_media":39202,"comment_status":"open","ping_status":"open","sticky":false,"template":"","format":"standard","meta":{"fifu_image_url":"","fifu_image_alt":"","footnotes":""},"categories":[27],"tags":[38,176],"class_list":["post-39201","post","type-post","status-publish","format-standard","has-post-thumbnail","hentry","category-seguridad-publica","tag-acapulco","tag-semefo"],"_links":{"self":[{"href":"https:\/\/www.interaccionnoticias.com.mx\/index.php?rest_route=\/wp\/v2\/posts\/39201","targetHints":{"allow":["GET"]}}],"collection":[{"href":"https:\/\/www.interaccionnoticias.com.mx\/index.php?rest_route=\/wp\/v2\/posts"}],"about":[{"href":"https:\/\/www.interaccionnoticias.com.mx\/index.php?rest_route=\/wp\/v2\/types\/post"}],"author":[{"embeddable":true,"href":"https:\/\/www.interaccionnoticias.com.mx\/index.php?rest_route=\/wp\/v2\/users\/3"}],"replies":[{"embeddable":true,"href":"https:\/\/www.interaccionnoticias.com.mx\/index.php?rest_route=%2Fwp%2Fv2%2Fcomments&post=39201"}],"version-history":[{"count":2,"href":"https:\/\/www.interaccionnoticias.com.mx\/index.php?rest_route=\/wp\/v2\/posts\/39201\/revisions"}],"predecessor-version":[{"id":39310,"href":"https:\/\/www.interaccionnoticias.com.mx\/index.php?rest_route=\/wp\/v2\/posts\/39201\/revisions\/39310"}],"wp:featuredmedia":[{"embeddable":true,"href":"https:\/\/www.interaccionnoticias.com.mx\/index.php?rest_route=\/wp\/v2\/media\/39202"}],"wp:attachment":[{"href":"https:\/\/www.interaccionnoticias.com.mx\/index.php?rest_route=%2Fwp%2Fv2%2Fmedia&parent=39201"}],"wp:term":[{"taxonomy":"category","embeddable":true,"href":"https:\/\/www.interaccionnoticias.com.mx\/index.php?rest_route=%2Fwp%2Fv2%2Fcategories&post=39201"},{"taxonomy":"post_tag","embeddable":true,"href":"https:\/\/www.interaccionnoticias.com.mx\/index.php?rest_route=%2Fwp%2Fv2%2Ftags&post=39201"}],"curies":[{"name":"wp","href":"https:\/\/api.w.org\/{rel}","templated":true}]}}