{"id":39192,"date":"2021-12-14T20:46:01","date_gmt":"2021-12-15T02:46:01","guid":{"rendered":"https:\/\/interaccionnoticias.com.mx\/?p=39192"},"modified":"2021-12-14T20:46:08","modified_gmt":"2021-12-15T02:46:08","slug":"manuel-negrete-nuevo-presidente-del-fidetur-acapulco","status":"publish","type":"post","link":"https:\/\/www.interaccionnoticias.com.mx\/?p=39192","title":{"rendered":"Manuel Negrete nuevo presidente del Fidetur Acapulco"},"content":{"rendered":"\n<p><strong><em>&#8211; Fortalecer la actividad tur\u00edstica, la prioridad en Guerrero<\/em><\/strong><\/p>\n\n\n\n<p><strong>Javier Trujillo<\/strong><\/p>\n\n\n\n<p><strong>Acapulco, Gro. \u2013<\/strong> El secretario de Turismo, Santos Ram\u00edrez, entreg\u00f3 el nombramiento como presidente del Fideicomiso para la Promoci\u00f3n Tur\u00edstica de Acapulco (Fidetur), al ex mundialista Manuel Negrete Arias.<\/p>\n\n\n\n<p>El ex alcalde de Coyoac\u00e1n, se comprometi\u00f3 trabajar para fortalecer la actividad tur\u00edstica del puerto, tras recibir el nombramiento del titular de Sefotur, en representaci\u00f3n de la gobernadora Evelyn Salgado Pineda.<\/p>\n\n\n\n<p>Ram\u00edrez Cuevas, exhort\u00f3 a Negrete Arias para esta nueva encomienda y dijo confiar en su capacidad y experiencia para desarrollar esta responsabilidad que le ha conferido la mandataria estatal.<\/p>\n\n\n\n<p>El nuevo presidente del FIDETUR, expres\u00f3 su benepl\u00e1cito y su disposici\u00f3n para contribuir con el fortalecimiento de la actividad tur\u00edstica de Acapulco.<\/p>\n\n\n\n<p>En tanto, el director operativo, Daniel Torres D\u2019Elia, en conjunto con el equipo ejecutivo de fideicomiso, dieron la bienvenida al nuevo presidente del organismo, Manuel Negrete, a las instalaciones del organismo.<\/p>\n\n\n\n<p>Ah\u00ed mismo, le presentaron los planes y programas en materia de promoci\u00f3n tur\u00edstica de este destino.<\/p>\n\n\n\n<p>M\u00e1s tarde, realiz\u00f3 un recorrido por las diferentes \u00e1reas para conocer a los ejecutivos, a quienes pidi\u00f3 continuar trabajando por Acapulco y sumar esfuerzos para consolidar la actividad tur\u00edstica de este destino de playa.<\/p>\n\n\n\n<p>De inmediatamente las reuniones para establecer los planes de trabajo y las estrategias de promoci\u00f3n tur\u00edstico para el periodo correspondiente a la presente administraci\u00f3n estatal.<\/p>\n","protected":false},"excerpt":{"rendered":"<p>&#8211; Fortalecer la actividad tur\u00edstica, la prioridad en Guerrero Javier Trujillo Acapulco, Gro. \u2013 El secretario de Turismo, Santos Ram\u00edrez, entreg\u00f3 el nombramiento como presidente del Fideicomiso para la Promoci\u00f3n&hellip; <\/p>\n","protected":false},"author":3,"featured_media":39193,"comment_status":"open","ping_status":"open","sticky":false,"template":"","format":"standard","meta":{"fifu_image_url":"","fifu_image_alt":"","footnotes":""},"categories":[23],"tags":[141],"class_list":["post-39192","post","type-post","status-publish","format-standard","has-post-thumbnail","hentry","category-regionales","tag-manuel-negrete"],"_links":{"self":[{"href":"https:\/\/www.interaccionnoticias.com.mx\/index.php?rest_route=\/wp\/v2\/posts\/39192","targetHints":{"allow":["GET"]}}],"collection":[{"href":"https:\/\/www.interaccionnoticias.com.mx\/index.php?rest_route=\/wp\/v2\/posts"}],"about":[{"href":"https:\/\/www.interaccionnoticias.com.mx\/index.php?rest_route=\/wp\/v2\/types\/post"}],"author":[{"embeddable":true,"href":"https:\/\/www.interaccionnoticias.com.mx\/index.php?rest_route=\/wp\/v2\/users\/3"}],"replies":[{"embeddable":true,"href":"https:\/\/www.interaccionnoticias.com.mx\/index.php?rest_route=%2Fwp%2Fv2%2Fcomments&post=39192"}],"version-history":[{"count":1,"href":"https:\/\/www.interaccionnoticias.com.mx\/index.php?rest_route=\/wp\/v2\/posts\/39192\/revisions"}],"predecessor-version":[{"id":39194,"href":"https:\/\/www.interaccionnoticias.com.mx\/index.php?rest_route=\/wp\/v2\/posts\/39192\/revisions\/39194"}],"wp:featuredmedia":[{"embeddable":true,"href":"https:\/\/www.interaccionnoticias.com.mx\/index.php?rest_route=\/wp\/v2\/media\/39193"}],"wp:attachment":[{"href":"https:\/\/www.interaccionnoticias.com.mx\/index.php?rest_route=%2Fwp%2Fv2%2Fmedia&parent=39192"}],"wp:term":[{"taxonomy":"category","embeddable":true,"href":"https:\/\/www.interaccionnoticias.com.mx\/index.php?rest_route=%2Fwp%2Fv2%2Fcategories&post=39192"},{"taxonomy":"post_tag","embeddable":true,"href":"https:\/\/www.interaccionnoticias.com.mx\/index.php?rest_route=%2Fwp%2Fv2%2Ftags&post=39192"}],"curies":[{"name":"wp","href":"https:\/\/api.w.org\/{rel}","templated":true}]}}