{"id":39127,"date":"2021-12-13T20:00:00","date_gmt":"2021-12-14T02:00:00","guid":{"rendered":"https:\/\/interaccionnoticias.com.mx\/?p=39127"},"modified":"2021-12-14T00:59:25","modified_gmt":"2021-12-14T06:59:25","slug":"39127","status":"publish","type":"post","link":"https:\/\/www.interaccionnoticias.com.mx\/?p=39127","title":{"rendered":"El fondo de apoyo a los periodistas a punto de desaparecer"},"content":{"rendered":"\n<p><strong>Trinidad Zamacona L\u00f3pez.<\/strong><\/p>\n\n\n\n<p>Una de las actividades m\u00e1s peligrosas en estos momentos en el pa\u00eds son la de los periodistas, seg\u00fan la organizaci\u00f3n art\u00edculo 19, organismo que defiende a los comunicadores, del a\u00f1o 2000 a la fecha ha documentado por lo menos 145 asesinatos de periodistas, de estos seg\u00fan el informe 134 son hombres y 11 son mujeres, privar de la vida a un periodista hasta el momento es una forma de callar la verdad, los homicidios quedan impune, el gobierno no hace gran cosa para esclarecerlos.<\/p>\n\n\n\n<p>Pero quienes son, \u201cARTICLE 19 M\u00e9xico y Centroam\u00e9rica es una organizaci\u00f3n independiente y apartidista que promueve y defiende el avance progresivo de los derechos de libertad de expresi\u00f3n y acceso a la informaci\u00f3n de todas las personas, de acuerdo a los m\u00e1s altos est\u00e1ndares internacionales de derechos humanos, contribuyendo as\u00ed al fortalecimiento de la democracia\u201d.<\/p>\n\n\n\n<p>Para que usted tenga una idea de todos esos homicidios seg\u00fan el documental 47 se registraron durante el mandato del priista Enrique Pe\u00f1a Nieto, pero en el actual gobierno de la cuarta transformaci\u00f3n van 25 comunicadores ejecutados, ahora bien si revisamos los datos en los estados, nada m\u00e1s en el gobierno del tambi\u00e9n priista Javier Duarte en Veracruz durante su mandato privaron de la vida a 18 trabajadores de los medios de comunicaci\u00f3n siendo hasta la fecha el m\u00e1s letal seg\u00fan el informe.<\/p>\n\n\n\n<p>El m\u00e1s reciente que tienen documentado es el del fotoperiodista Guerrerense Alfredo Cardoso Echeverr\u00eda, en el Puerto de Acapulco, quien falleci\u00f3 por lesiones de arma de fuego el d\u00eda 31 de octubre del presente a\u00f1o, sin que se haya activado ning\u00fan protocolo para su localizaci\u00f3n y protecci\u00f3n, el gobierno deber\u00e1 de entender que el estar informado es un derecho humano de la sociedad.<\/p>\n\n\n\n<p>En Guerrero existe la Ley N\u00famero 463 para el bienestar integral de los periodistas del Estado de Guerrero, que entre otras cosas contempla en su art\u00edculo 15 el fondo de apoyo a los periodistas, (FAP) este es un fondo presupuestal seg\u00fan esta ley que se integra con las aportaciones de los periodistas que manifiesten expresamente su voluntad de participar en el mismo, y la otra parte la aporta el gobierno del Estado, y este funciona seg\u00fan la reglas que determina su comit\u00e9 t\u00e9cnico, tanto en la operaci\u00f3n y manejo de los recursos presupuestales.<\/p>\n\n\n\n<p>Tiene como finalidad implementar medidas y acciones para establecer beneficios que coadyuven a mejorar las condiciones de vida de los comunicadores y sus familias, tambi\u00e9n contempla seguro de vida, pr\u00e9stamos personales para adquirir los insumos que necesitan los periodistas, apoyo econ\u00f3mico para gastos funerarios, apoyo para que se capaciten los comunicadores, prestamos econ\u00f3micos para pagar los gastos por enfermedad o en caso de accidente, para las mujeres periodistas apoyo econ\u00f3mico por maternidad, en fin son muchos los beneficios que estos tienen con esta ley, pero est\u00e1 a punto de desaparecer por una estupidez de quien proyecto el presupuesto del gasto para el ejercicio fiscal 2022.<\/p>\n\n\n\n<p>Este fondo lo administra la secretaria de desarrollo social, as\u00ed est\u00e1 en la ley, lo integran el fondo la dependencia que mencionamos es la que lo preside, la secretar\u00eda general de gobierno, la secretar\u00eda de finanzas, la de la lana, la secretar\u00eda de educaci\u00f3n, la secretar\u00eda de salud y por \u00faltimo la secretar\u00eda de la mujer.<\/p>\n\n\n\n<p>Ahora bien el presupuesto de cada a\u00f1o, lo que se llama el Programa Operativo Anual, el famoso \u201cPOA\u201d se entrega cada a\u00f1o al Congreso del Estado, cada una de las dependencias del poder ejecutivo hace su proyecci\u00f3n de gastos en lo que se llaman pol\u00edticas p\u00fablicas, gasto corriente y gasto de inversi\u00f3n, es decir en que va a gastar su presupuesto asignado, claro esto se hace con los planeadores de cada dependencia que a\u00f1o con a\u00f1o saben que se gasta cada una de ellas.<\/p>\n\n\n\n<p>Dir\u00e1 Usted donde est\u00e1 el problema, nada m\u00e1s y nada menos que a ese fondo no se asignaron nada de presupuesto, as\u00ed que los periodistas en el ejercicio fiscal 2022 no tendr\u00e1n ning\u00fan tipo de apoyo, de un plumazo lo borraron del mapa sin preguntar a nadie de los comunicadores, pero los periodistas callados ante tal indolencia de dicha dependencia.<\/p>\n\n\n\n<p>Habr\u00eda que preguntarle al secretario de finanzas Raymundo Segura Estrada, y a la secretaria de la sedesol \u00bfbajo que esquema se desapareci\u00f3 el fondo de apoyo a los periodistas, \u201cFAP\u201d para el ejercicio fiscal 2022? En el presupuesto del ejercicio del pr\u00f3ximo a\u00f1o que obras emblem\u00e1ticas contempla dicho presupuesto, y si \u00bfestos proyectos est\u00e1n apegados a los compromisos que se hicieron en campa\u00f1a con el pueblo de Guerrero? Por parte de la cuarta transformaci\u00f3n.<\/p>\n\n\n\n<p>Algunos legisladores ya critican dicho presupuesto, pues aseguran que es una copia del a\u00f1o 2021, que lleva muchos errores ortogr\u00e1ficos, e incluso que las sumas no coinciden al cuadrar los n\u00fameros, \u00bfque nos dir\u00e1 el funcionario que maneja los pesos y centavos de los guerrerenses sobre esto?<\/p>\n\n\n\n<p>A caso tampoco est\u00e1n contempladas obras para la monta\u00f1a de Guerrero, esos si son compromisos del Presidente Andr\u00e9s Manuel L\u00f3pez Obrador, \u00bfcu\u00e1les son? y \u00bfcu\u00e1l es su monto a ejecutar? o es que el presupuesto se hizo al vapor sin saber qu\u00e9 es lo que requiere el pueblo de Guerrero.<\/p>\n\n\n\n<p>Todo esto es grave, se queja mucho el titular de finanzas, o tambi\u00e9n nos va a salir que no hay para pagar aguinaldos para la clase trabajadora, \u00bfestar\u00e1n garantizadas las prestaciones de fin de a\u00f1o para los bur\u00f3cratas del sector central, de salud, de educaci\u00f3n? en fin la inexperiencia en los cargos sale a flote, Guerrero no merece aprendices de funcionarios p\u00fablicos, merece verdaderos servidores p\u00fablicos que le sirvan a la sociedad y que les resuelvan sus problemas, esperamos que el secretario aclare todo este embrollo.<\/p>\n","protected":false},"excerpt":{"rendered":"<p>Trinidad Zamacona L\u00f3pez. Una de las actividades m\u00e1s peligrosas en estos momentos en el pa\u00eds son la de los periodistas, seg\u00fan la organizaci\u00f3n art\u00edculo 19, organismo que defiende a los&hellip; <\/p>\n","protected":false},"author":24,"featured_media":39128,"comment_status":"open","ping_status":"open","sticky":false,"template":"","format":"standard","meta":{"fifu_image_url":"","fifu_image_alt":"","footnotes":""},"categories":[16],"tags":[],"class_list":["post-39127","post","type-post","status-publish","format-standard","has-post-thumbnail","hentry","category-opinion"],"_links":{"self":[{"href":"https:\/\/www.interaccionnoticias.com.mx\/index.php?rest_route=\/wp\/v2\/posts\/39127","targetHints":{"allow":["GET"]}}],"collection":[{"href":"https:\/\/www.interaccionnoticias.com.mx\/index.php?rest_route=\/wp\/v2\/posts"}],"about":[{"href":"https:\/\/www.interaccionnoticias.com.mx\/index.php?rest_route=\/wp\/v2\/types\/post"}],"author":[{"embeddable":true,"href":"https:\/\/www.interaccionnoticias.com.mx\/index.php?rest_route=\/wp\/v2\/users\/24"}],"replies":[{"embeddable":true,"href":"https:\/\/www.interaccionnoticias.com.mx\/index.php?rest_route=%2Fwp%2Fv2%2Fcomments&post=39127"}],"version-history":[{"count":2,"href":"https:\/\/www.interaccionnoticias.com.mx\/index.php?rest_route=\/wp\/v2\/posts\/39127\/revisions"}],"predecessor-version":[{"id":39130,"href":"https:\/\/www.interaccionnoticias.com.mx\/index.php?rest_route=\/wp\/v2\/posts\/39127\/revisions\/39130"}],"wp:featuredmedia":[{"embeddable":true,"href":"https:\/\/www.interaccionnoticias.com.mx\/index.php?rest_route=\/wp\/v2\/media\/39128"}],"wp:attachment":[{"href":"https:\/\/www.interaccionnoticias.com.mx\/index.php?rest_route=%2Fwp%2Fv2%2Fmedia&parent=39127"}],"wp:term":[{"taxonomy":"category","embeddable":true,"href":"https:\/\/www.interaccionnoticias.com.mx\/index.php?rest_route=%2Fwp%2Fv2%2Fcategories&post=39127"},{"taxonomy":"post_tag","embeddable":true,"href":"https:\/\/www.interaccionnoticias.com.mx\/index.php?rest_route=%2Fwp%2Fv2%2Ftags&post=39127"}],"curies":[{"name":"wp","href":"https:\/\/api.w.org\/{rel}","templated":true}]}}