{"id":39124,"date":"2021-12-13T19:30:00","date_gmt":"2021-12-14T01:30:00","guid":{"rendered":"https:\/\/interaccionnoticias.com.mx\/?p=39124"},"modified":"2021-12-14T00:36:20","modified_gmt":"2021-12-14T06:36:20","slug":"ine-guerrero-condena-el-asesinato-del-profesor-salvador-catalan-y-joven-comunitario-en-tierra-colorada","status":"publish","type":"post","link":"https:\/\/www.interaccionnoticias.com.mx\/?p=39124","title":{"rendered":"INE-Guerrero condena el asesinato del profesor Salvador Catal\u00e1n y joven comunitario en Tierra Colorada"},"content":{"rendered":"\n<p><strong><em>&#8211; El Consejo General se uni\u00f3 a la petici\u00f3n del esclarecimiento de los hechos<br>&#8211; Mientras existan la impunidad y la violencia no hay democracia plena sino simulada, refieren consejeros<\/em><\/strong><\/p>\n\n\n\n<p><strong>Vianey Ponce<\/strong><\/p>\n\n\n\n<p>El Consejo General de la Junta Local Ejecutiva del Instituto Nacional Electoral (INE-Guerrero) conden\u00f3 el asesinato del catedr\u00e1tico de la Universidad Aut\u00f3noma de Guerrero (UAGro) Salvador Catal\u00e1n Barrag\u00e1n y del joven Marco Roble Alejo en el municipio de Juan R. Escudero; pidi\u00f3 a las autoridades investigadoras el esclarecimiento de los hechos y castigo a los responsables.<\/p>\n\n\n\n<p>El vocal ejecutivo Dagoberto Santos Trigo se solidariz\u00f3 con los familiares del profesor Barrag\u00e1n y pidi\u00f3 un alto a la violencia en el estado. El presidente del INE en Guerrero se\u00f1al\u00f3: \u201cAlzamos la voz y pedimos justicia, que se aclar\u00e9 este homicidio\u201d pues consider\u00f3 que para que exista justicia en el estado se debe esclarecer los cr\u00edmenes.<\/p>\n\n\n\n<p>De manera particular se conden\u00f3 los hechos violentos en contra de aquellos luchadores sociales y quienes arriesgan su vida por querer un estado mejor en referencia al maestro de la Universidad Aut\u00f3noma.<\/p>\n\n\n\n<p>El tema fue abordado en la sesi\u00f3n ordinaria del Consejo Local la jornada del lunes 13 de diciembre; fue el consejero electoral Alfredo Ram\u00edrez Garc\u00eda quien solicit\u00f3 incluir el punto en el apartado de asuntos generales junto al tema de d\u00e9cimo aniversario del asesinato de los normalistas rurales en el parador de Marqu\u00e9s.<\/p>\n\n\n\n<p>En su intervenci\u00f3n el consejero conden\u00f3 ambos sucesos violentos. De manera particular se refiri\u00f3 a lo acontecido en Tierra Colorada la cabecera municipal de Juan R. Escudero: \u201cComo ciudadano universitario y en mi calidad de consejero me pronuncio para que las autoridades investiguen estos hechos y no queden en la impunidad\u201d, as\u00ed mismo reconoci\u00f3 a Salvador Catal\u00e1n como un acad\u00e9mico que siempre asumi\u00f3 un compromiso de car\u00e1cter social.<\/p>\n\n\n\n<p>A las intervenciones se sum\u00f3 la consejera Antonia Ram\u00edrez y el consejero Hegel Mariano quienes enviaron su solidaridad a la hija del profesor, Evelia Estela Catal\u00e1n hija y se unieron a la exigencia de justicia del crimen.<\/p>\n\n\n\n<p>El consejero Hegel Mariano subray\u00f3 que por muy buen trabajo que se haga desde los \u00f3rganos electorales por la democracia, mientras exista la violencia e impunidad \u201cno podemos hablar de una democracia plena mas bien de una democracia simulada\u201d y agreg\u00f3: \u201cExigimos la investigaci\u00f3n y justicia para que la labor electoral de los \u00f3rganos no sea la \u00fanica plena sino tambi\u00e9n la seguridad e integridad de los ciudadanos.<\/p>\n","protected":false},"excerpt":{"rendered":"<p>&#8211; El Consejo General se uni\u00f3 a la petici\u00f3n del esclarecimiento de los hechos&#8211; Mientras existan la impunidad y la violencia no hay democracia plena sino simulada, refieren consejeros Vianey&hellip; <\/p>\n","protected":false},"author":20,"featured_media":39125,"comment_status":"open","ping_status":"open","sticky":false,"template":"","format":"standard","meta":{"fifu_image_url":"","fifu_image_alt":"","footnotes":""},"categories":[17],"tags":[],"class_list":["post-39124","post","type-post","status-publish","format-standard","has-post-thumbnail","hentry","category-organos-electorales"],"_links":{"self":[{"href":"https:\/\/www.interaccionnoticias.com.mx\/index.php?rest_route=\/wp\/v2\/posts\/39124","targetHints":{"allow":["GET"]}}],"collection":[{"href":"https:\/\/www.interaccionnoticias.com.mx\/index.php?rest_route=\/wp\/v2\/posts"}],"about":[{"href":"https:\/\/www.interaccionnoticias.com.mx\/index.php?rest_route=\/wp\/v2\/types\/post"}],"author":[{"embeddable":true,"href":"https:\/\/www.interaccionnoticias.com.mx\/index.php?rest_route=\/wp\/v2\/users\/20"}],"replies":[{"embeddable":true,"href":"https:\/\/www.interaccionnoticias.com.mx\/index.php?rest_route=%2Fwp%2Fv2%2Fcomments&post=39124"}],"version-history":[{"count":1,"href":"https:\/\/www.interaccionnoticias.com.mx\/index.php?rest_route=\/wp\/v2\/posts\/39124\/revisions"}],"predecessor-version":[{"id":39126,"href":"https:\/\/www.interaccionnoticias.com.mx\/index.php?rest_route=\/wp\/v2\/posts\/39124\/revisions\/39126"}],"wp:featuredmedia":[{"embeddable":true,"href":"https:\/\/www.interaccionnoticias.com.mx\/index.php?rest_route=\/wp\/v2\/media\/39125"}],"wp:attachment":[{"href":"https:\/\/www.interaccionnoticias.com.mx\/index.php?rest_route=%2Fwp%2Fv2%2Fmedia&parent=39124"}],"wp:term":[{"taxonomy":"category","embeddable":true,"href":"https:\/\/www.interaccionnoticias.com.mx\/index.php?rest_route=%2Fwp%2Fv2%2Fcategories&post=39124"},{"taxonomy":"post_tag","embeddable":true,"href":"https:\/\/www.interaccionnoticias.com.mx\/index.php?rest_route=%2Fwp%2Fv2%2Ftags&post=39124"}],"curies":[{"name":"wp","href":"https:\/\/api.w.org\/{rel}","templated":true}]}}