{"id":39105,"date":"2021-12-13T18:42:25","date_gmt":"2021-12-14T00:42:25","guid":{"rendered":"https:\/\/interaccionnoticias.com.mx\/?p=39105"},"modified":"2021-12-14T00:24:58","modified_gmt":"2021-12-14T06:24:58","slug":"anacleta-lopez-vega-jose-luis-gallegos-peralta-y-ludwig-marcial-reynoso-nunez-integran-la-terna-para-ocupar-la-fge","status":"publish","type":"post","link":"https:\/\/www.interaccionnoticias.com.mx\/?p=39105","title":{"rendered":"Anacleta L\u00f3pez Vega; Jos\u00e9 Luis Gallegos Peralta y Ludwig Marcial Reynoso N\u00fa\u00f1ez integran la terna para ocupar la FGE"},"content":{"rendered":"\n<p><strong><em>&#8211; El Gobierno de Guerrero entreg\u00f3 la lista de candidatos la tarde del lunes 13 de diciembre, a pocas horas de que venciera el plazo establecido en la ley<\/em><\/strong><\/p>\n\n\n\n<p><strong>Rogelio Agust\u00edn<\/strong><\/p>\n\n\n\n<p>La tarde del lunes, el Gobierno de Guerrero entreg\u00f3 al Congreso local la terna de abogados entre los que se definir\u00e1 quien se queda al frente de la Fiscal\u00eda General del Estado (FGE), la cual se integra por Anacleta L\u00f3pez Vega; Jos\u00e9 Luis Gallegos Peralta y el actual subsecretario de Asuntos Pol\u00edticos de la Secretar\u00eda General de Gobierno, Ludwig Marcial Reynoso N\u00fa\u00f1ez.<br><br>A las 17:05 horas del lunes 13 de diciembre, la oficina de prensa del Congreso local inform\u00f3 que el secretario t\u00e9cnico de la gobernadora Evelyn Saldado Pineda, doctor Pablo Andr\u00e9 Gordillo hab\u00eda entregado la terna para elegir al titular de la Fiscal\u00eda General del Estado.<br><br>En el escueto informe no se indicaron los nombre contenidos en el oficio entregado al Poder Legislativo.<br><br>Sin embargo, fuentes de la Junta de Coordinaci\u00f3n Pol\u00edtica (Jucopo) dieron a conocer que la terna se encuentra integrada por una mujer y dos hombres.<br><br>La relaci\u00f3n inicia con Anacleta L\u00f3pez Vega, quien viene de ocupar la secretar\u00eda general en el ayuntamiento de Chilpancingo, en la parte final de la administraci\u00f3n perredista de Antonio Gaspar Beltr\u00e1n.<br><br>Sigue el abogado Jos\u00e9 Luis Gallegos Peralta, quien fuera presidente de la Comisi\u00f3n Ejecutiva de Atenci\u00f3n a V\u00edctimas (CEAV).<br><br>En la lista se incluye el nombre de Ludwig Marcial Reynoso N\u00fa\u00f1ez, quien fuera secretario general del ayuntamiento de Acapulco en la administraci\u00f3n del senador F\u00e9lix Salgado Macedonio.<br><br>Reynoso N\u00fa\u00f1ez actualmente se desempe\u00f1a como subsecretario de Asuntos Pol\u00edticos de la Secretar\u00eda General de Gobierno, en la lista de aspirantes enviada por el Congreso a la gobernadora Salgado Pineda, el pasado 2 de diciembre aparec\u00eda en la posici\u00f3n n\u00famero 44.<\/p>\n","protected":false},"excerpt":{"rendered":"<p>&#8211; El Gobierno de Guerrero entreg\u00f3 la lista de candidatos la tarde del lunes 13 de diciembre, a pocas horas de que venciera el plazo establecido en la ley Rogelio&hellip; <\/p>\n","protected":false},"author":21,"featured_media":39122,"comment_status":"open","ping_status":"open","sticky":false,"template":"","format":"standard","meta":{"fifu_image_url":"","fifu_image_alt":"","footnotes":""},"categories":[11],"tags":[],"class_list":["post-39105","post","type-post","status-publish","format-standard","has-post-thumbnail","hentry","category-guerrero"],"_links":{"self":[{"href":"https:\/\/www.interaccionnoticias.com.mx\/index.php?rest_route=\/wp\/v2\/posts\/39105","targetHints":{"allow":["GET"]}}],"collection":[{"href":"https:\/\/www.interaccionnoticias.com.mx\/index.php?rest_route=\/wp\/v2\/posts"}],"about":[{"href":"https:\/\/www.interaccionnoticias.com.mx\/index.php?rest_route=\/wp\/v2\/types\/post"}],"author":[{"embeddable":true,"href":"https:\/\/www.interaccionnoticias.com.mx\/index.php?rest_route=\/wp\/v2\/users\/21"}],"replies":[{"embeddable":true,"href":"https:\/\/www.interaccionnoticias.com.mx\/index.php?rest_route=%2Fwp%2Fv2%2Fcomments&post=39105"}],"version-history":[{"count":3,"href":"https:\/\/www.interaccionnoticias.com.mx\/index.php?rest_route=\/wp\/v2\/posts\/39105\/revisions"}],"predecessor-version":[{"id":39123,"href":"https:\/\/www.interaccionnoticias.com.mx\/index.php?rest_route=\/wp\/v2\/posts\/39105\/revisions\/39123"}],"wp:featuredmedia":[{"embeddable":true,"href":"https:\/\/www.interaccionnoticias.com.mx\/index.php?rest_route=\/wp\/v2\/media\/39122"}],"wp:attachment":[{"href":"https:\/\/www.interaccionnoticias.com.mx\/index.php?rest_route=%2Fwp%2Fv2%2Fmedia&parent=39105"}],"wp:term":[{"taxonomy":"category","embeddable":true,"href":"https:\/\/www.interaccionnoticias.com.mx\/index.php?rest_route=%2Fwp%2Fv2%2Fcategories&post=39105"},{"taxonomy":"post_tag","embeddable":true,"href":"https:\/\/www.interaccionnoticias.com.mx\/index.php?rest_route=%2Fwp%2Fv2%2Ftags&post=39105"}],"curies":[{"name":"wp","href":"https:\/\/api.w.org\/{rel}","templated":true}]}}