{"id":39100,"date":"2021-12-13T17:21:03","date_gmt":"2021-12-13T23:21:03","guid":{"rendered":"https:\/\/interaccionnoticias.com.mx\/?p=39100"},"modified":"2021-12-13T17:21:07","modified_gmt":"2021-12-13T23:21:07","slug":"aspiro-a-ser-un-lider-y-no-un-jefe-asegura-el-aspirante-a-la-fiscalia-general-del-estado-gregorio-alarcon-avila","status":"publish","type":"post","link":"https:\/\/www.interaccionnoticias.com.mx\/?p=39100","title":{"rendered":"Aspiro a ser un l\u00edder y no un jefe, asegura el aspirante a la Fiscal\u00eda General del Estado, Gregorio Alarc\u00f3n \u00c1vila"},"content":{"rendered":"\n<p><strong><em>&#8211; Si llega a ser fiscal se va a reducir al 50 por ciento el salario<\/em><\/strong><\/p>\n\n\n\n<p><strong>Rosario Garc\u00eda Orozco<\/strong><\/p>\n\n\n\n<p>Chilpancingo, Gro., 13 de diciembre del 2021.- Aspiro a ser l\u00edder, no un jefe, asegur\u00f3 el aspirante a la titularidad de la Fiscal\u00eda General del Estado, Gregorio Alarc\u00f3n \u00c1vila, quien agreg\u00f3 que se reducir\u00e1 en un 50 por ciento el sueldo si llega a ese cargo.<\/p>\n\n\n\n<p>Reconoci\u00f3 que el clima de descomposici\u00f3n social llega a todos los sectores, y hay corrupci\u00f3n en todos lados, incluida la fiscal\u00eda general, pero con un trabajo esforzado y con toda la convicci\u00f3n de servir bien a la sociedad se va a superar lo que hoy se vive, asegur\u00f3 el aspirante a titular de esa dependencia.<\/p>\n\n\n\n<p>El funcionario y aspirante a la titularidad de la Fiscal\u00eda General del Estado dijo confiar en las desiciones que tomen tanto los diputados locales, como la gobernadora Evelyn Garc\u00eda Pineda, para sacar adelante el proceso de selecci\u00f3n de quien dirija esa dependencia.<\/p>\n\n\n\n<p>\u201cSi el Congreso Local se equivoca o la gobernadora toma una decisi\u00f3n inadecuada, ya es una situaci\u00f3n que no nos compete y vamos a confiar en que se analicen bien todos los perfiles\u201d, mencion\u00f3 el tambi\u00e9n agente del Ministerio P\u00fablico en la Fiscal\u00eda Especializada contra el secuestro en Acapulco.<\/p>\n\n\n\n<p>Acept\u00f3 que hace falta mucho capacitaci\u00f3n para los funcionarios p\u00fablicos de la Fiscal\u00eda, con la finalidad de que puedan prestar un mejor servicio, y en ese sentido propuso que los nuevos ingresos a esa dependencia sean por convocatoria p\u00fablica, \u201clo que nos dar\u00e1 mayor fortaleza y la certeza de que lleguen las y los mejores elementos a nuestra instituci\u00f3n\u201d.<\/p>\n\n\n\n<p>Gregorio Alarc\u00f3n mencion\u00f3 que el presupuesto del 2021 para la fiscal\u00eda fue de mil 300 millones de pesos, recurso que ha sido insuficiente para cubrir todas las necesidades de esa dependencia, \u201cpero sobre todo para darle el servicio de calidad que la ciudadan\u00eda merece\u201d.<\/p>\n\n\n\n<p>Se trata de combatir la violencia con inteligencia, \u201cpero en la que tiene que ver con la estrategia y el uso de las nuevas tecnolog\u00edas, para realizar trabajos de investigaci\u00f3n y de campo que permitan, hacer uso de la inteligencia en recopilaci\u00f3n de datos, la b\u00fasqueda estrat\u00e9gica de objetivos prioritarios por delitos del fuero com\u00fan que nos causan alto impacto\u201d.<\/p>\n","protected":false},"excerpt":{"rendered":"<p>&#8211; Si llega a ser fiscal se va a reducir al 50 por ciento el salario Rosario Garc\u00eda Orozco Chilpancingo, Gro., 13 de diciembre del 2021.- Aspiro a ser l\u00edder,&hellip; <\/p>\n","protected":false},"author":14,"featured_media":39097,"comment_status":"open","ping_status":"open","sticky":false,"template":"","format":"standard","meta":{"fifu_image_url":"","fifu_image_alt":"","footnotes":""},"categories":[27],"tags":[],"class_list":["post-39100","post","type-post","status-publish","format-standard","has-post-thumbnail","hentry","category-seguridad-publica"],"_links":{"self":[{"href":"https:\/\/www.interaccionnoticias.com.mx\/index.php?rest_route=\/wp\/v2\/posts\/39100","targetHints":{"allow":["GET"]}}],"collection":[{"href":"https:\/\/www.interaccionnoticias.com.mx\/index.php?rest_route=\/wp\/v2\/posts"}],"about":[{"href":"https:\/\/www.interaccionnoticias.com.mx\/index.php?rest_route=\/wp\/v2\/types\/post"}],"author":[{"embeddable":true,"href":"https:\/\/www.interaccionnoticias.com.mx\/index.php?rest_route=\/wp\/v2\/users\/14"}],"replies":[{"embeddable":true,"href":"https:\/\/www.interaccionnoticias.com.mx\/index.php?rest_route=%2Fwp%2Fv2%2Fcomments&post=39100"}],"version-history":[{"count":1,"href":"https:\/\/www.interaccionnoticias.com.mx\/index.php?rest_route=\/wp\/v2\/posts\/39100\/revisions"}],"predecessor-version":[{"id":39101,"href":"https:\/\/www.interaccionnoticias.com.mx\/index.php?rest_route=\/wp\/v2\/posts\/39100\/revisions\/39101"}],"wp:featuredmedia":[{"embeddable":true,"href":"https:\/\/www.interaccionnoticias.com.mx\/index.php?rest_route=\/wp\/v2\/media\/39097"}],"wp:attachment":[{"href":"https:\/\/www.interaccionnoticias.com.mx\/index.php?rest_route=%2Fwp%2Fv2%2Fmedia&parent=39100"}],"wp:term":[{"taxonomy":"category","embeddable":true,"href":"https:\/\/www.interaccionnoticias.com.mx\/index.php?rest_route=%2Fwp%2Fv2%2Fcategories&post=39100"},{"taxonomy":"post_tag","embeddable":true,"href":"https:\/\/www.interaccionnoticias.com.mx\/index.php?rest_route=%2Fwp%2Fv2%2Ftags&post=39100"}],"curies":[{"name":"wp","href":"https:\/\/api.w.org\/{rel}","templated":true}]}}