{"id":39087,"date":"2021-12-13T16:13:44","date_gmt":"2021-12-13T22:13:44","guid":{"rendered":"https:\/\/interaccionnoticias.com.mx\/?p=39087"},"modified":"2021-12-13T16:13:48","modified_gmt":"2021-12-13T22:13:48","slug":"comerciantes-transportistas-y-locatarios-piden-al-gobierno-del-estado-que-reconsidere-la-realizacion-del-paseo-del-pendon","status":"publish","type":"post","link":"https:\/\/www.interaccionnoticias.com.mx\/?p=39087","title":{"rendered":"Comerciantes, transportistas y locatarios piden al Gobierno del Estado que reconsidere la realizaci\u00f3n del \u00abPaseo del Pend\u00f3n\u00bb"},"content":{"rendered":"\n<p><strong><em>&#8211; El Paseo del Pend\u00f3n es la actividad necesaria para reactivar la econom\u00eda<\/em><\/strong><\/p>\n\n\n\n<p><strong>Jes\u00fas Dorantes<\/strong><\/p>\n\n\n\n<p><strong>Chilpancingo , Gro .-<\/strong> Comerciantes for\u00e1neos y locales, locatarios y transportistas que a\u00f1o con a\u00f1o participan en la Feria de Navidad y A\u00f1o Nuevo, se pronunciaron a favor de que se realice el \u00abPaseo del Pend\u00f3n\u00bb y en consecuencia, solicitaron que el Gobierno del Estado\u00a0\u00a0reconsidere su decisi\u00f3n<\/p>\n\n\n\n<p>A tres d\u00edas de que el Consejo de Salud del Estado de Guerrero tomar\u00e1 la decisi\u00f3n de suspender el Pend\u00f3n, que se realiza el tercer domingo de cada mes de diciembre, los diferentes rubros de comercio y transporte, que participan en las festividades de fin de a\u00f1o realizaron un frente com\u00fan para solicitar a la gobernadora, Evelyn Salgado Pineda una audiencia para plantear de manera directa que reconsidere la cancelaci\u00f3n de uno de los eventos m\u00e1s simb\u00f3licos de Guerrero.<\/p>\n\n\n\n<p>En una rueda de prensa realizada&nbsp;&nbsp;en la Alameda Central Granados Maldonado, los diferentes grupos fijaron postura para solicitar una reconsideraci\u00f3n y que se realice el \u00abPaseo del Pend\u00f3n\u00bb, de lo contrario, pidieron que se ofrezcan apoyos econ\u00f3micos a los cientos de comerciantes y transportistas que esperaban la derrama econ\u00f3mica que dejar\u00eda dicho evento masivo.<\/p>\n\n\n\n<p>En su intervenci\u00f3n, Roselia Ben\u00edtez, representante de la Uni\u00f3n de Bares de la ciudad, refiri\u00f3 que el cuidado contra los contagios de Covid-19 est\u00e1 en cada persona y que el municipio de encuentra en condiciones \u00f3ptimas de realizar actividades, ya que desde varias semanas atr\u00e1s continua en sem\u00e1foro epidemiol\u00f3gico en color&nbsp;&nbsp;verde .<\/p>\n\n\n\n<p>Por eso realizaron un llamado a la gobernadora guerrerense, para que permita tanto la realizaci\u00f3n de la feria como la del Paseo del Pend\u00f3n, bajo el compromiso de que tanto choferes como locatarios cumplir\u00e1n al pie de la letra el protocolo de salud y de seguridad.<\/p>\n","protected":false},"excerpt":{"rendered":"<p>&#8211; El Paseo del Pend\u00f3n es la actividad necesaria para reactivar la econom\u00eda Jes\u00fas Dorantes Chilpancingo , Gro .- Comerciantes for\u00e1neos y locales, locatarios y transportistas que a\u00f1o con a\u00f1o&hellip; <\/p>\n","protected":false},"author":8,"featured_media":39085,"comment_status":"open","ping_status":"open","sticky":false,"template":"","format":"standard","meta":{"fifu_image_url":"","fifu_image_alt":"","footnotes":""},"categories":[13],"tags":[],"class_list":["post-39087","post","type-post","status-publish","format-standard","has-post-thumbnail","hentry","category-capital"],"_links":{"self":[{"href":"https:\/\/www.interaccionnoticias.com.mx\/index.php?rest_route=\/wp\/v2\/posts\/39087","targetHints":{"allow":["GET"]}}],"collection":[{"href":"https:\/\/www.interaccionnoticias.com.mx\/index.php?rest_route=\/wp\/v2\/posts"}],"about":[{"href":"https:\/\/www.interaccionnoticias.com.mx\/index.php?rest_route=\/wp\/v2\/types\/post"}],"author":[{"embeddable":true,"href":"https:\/\/www.interaccionnoticias.com.mx\/index.php?rest_route=\/wp\/v2\/users\/8"}],"replies":[{"embeddable":true,"href":"https:\/\/www.interaccionnoticias.com.mx\/index.php?rest_route=%2Fwp%2Fv2%2Fcomments&post=39087"}],"version-history":[{"count":1,"href":"https:\/\/www.interaccionnoticias.com.mx\/index.php?rest_route=\/wp\/v2\/posts\/39087\/revisions"}],"predecessor-version":[{"id":39088,"href":"https:\/\/www.interaccionnoticias.com.mx\/index.php?rest_route=\/wp\/v2\/posts\/39087\/revisions\/39088"}],"wp:featuredmedia":[{"embeddable":true,"href":"https:\/\/www.interaccionnoticias.com.mx\/index.php?rest_route=\/wp\/v2\/media\/39085"}],"wp:attachment":[{"href":"https:\/\/www.interaccionnoticias.com.mx\/index.php?rest_route=%2Fwp%2Fv2%2Fmedia&parent=39087"}],"wp:term":[{"taxonomy":"category","embeddable":true,"href":"https:\/\/www.interaccionnoticias.com.mx\/index.php?rest_route=%2Fwp%2Fv2%2Fcategories&post=39087"},{"taxonomy":"post_tag","embeddable":true,"href":"https:\/\/www.interaccionnoticias.com.mx\/index.php?rest_route=%2Fwp%2Fv2%2Ftags&post=39087"}],"curies":[{"name":"wp","href":"https:\/\/api.w.org\/{rel}","templated":true}]}}