{"id":39083,"date":"2021-12-13T16:08:07","date_gmt":"2021-12-13T22:08:07","guid":{"rendered":"https:\/\/interaccionnoticias.com.mx\/?p=39083"},"modified":"2021-12-13T16:08:13","modified_gmt":"2021-12-13T22:08:13","slug":"se-redisenara-estrategia-economica-y-operativa-para-la-feria-de-navidad-en-chilpancingo","status":"publish","type":"post","link":"https:\/\/www.interaccionnoticias.com.mx\/?p=39083","title":{"rendered":"Se redise\u00f1ar\u00e1 estrategia econ\u00f3mica y operativa para la Feria de Navidad, en Chilpancingo"},"content":{"rendered":"\n<p><strong><em>&#8211; No fue un capricho, la alcaldesa<\/em><\/strong><\/p>\n\n\n\n<p><strong>Jes\u00fas Dorantes<\/strong><\/p>\n\n\n\n<p><strong>Chilpancingo , Gro .-\u00a0<\/strong>\u00a0La estrategia de reactivaci\u00f3n econ\u00f3mica que generar\u00eda la Feria de Chilpancingo y el protocolo de salud ser\u00e1n redise\u00f1ados ante el anuncio de la suspensi\u00f3n del \u00abPaseo del Pend\u00f3n\u00bb, la alcaldesa asegura que dicha medida s\u00ed afectar\u00e1 la econom\u00eda del municipio.<\/p>\n\n\n\n<p>En entrevista, la presidenta municipal Norma Otilia Hern\u00e1ndez Mart\u00ednez asegur\u00f3 que tras la notificaci\u00f3n del pasado viernes 10 de diciembre respecto a la suspensi\u00f3n del \u00abPaseo del Pend\u00f3n\u00bb, de manera inevitable se ver\u00e1 afectada la derrama econ\u00f3mica que se esperaba.<\/p>\n\n\n\n<p>Dijo que por lo menos mil comerciantes que participar\u00edan de forma activa durante el recorrido, tras la suspensi\u00f3n solo ser\u00e1n 400 locatarios los que contin\u00faen con su participaci\u00f3n.<\/p>\n\n\n\n<p>Al ser cuestionada sobre sus constantes afirmaciones de la edil, en el sentido de que se llevar\u00eda a cabo el evento capitalino de fin de a\u00f1o, Hern\u00e1ndez Mart\u00ednez asegur\u00f3 que nunca fue un capricho, pues se contaba con los permisos y lo protocolos necesarios.<\/p>\n\n\n\n<p>Sin embargo, tras el nuevo dictamen del Consejo de Salud Estatal de Guerrero, se tendr\u00e1 que replantear la estrategia de reactivaci\u00f3n econ\u00f3mica y tendr\u00e1 que ser enviado un nuevo protocolo de salud para la Feria de Navidad, que tendr\u00e1 que ser aceptado por las autoridades del sector Salud.<\/p>\n","protected":false},"excerpt":{"rendered":"<p>&#8211; No fue un capricho, la alcaldesa Jes\u00fas Dorantes Chilpancingo , Gro .-\u00a0\u00a0La estrategia de reactivaci\u00f3n econ\u00f3mica que generar\u00eda la Feria de Chilpancingo y el protocolo de salud ser\u00e1n redise\u00f1ados&hellip; <\/p>\n","protected":false},"author":8,"featured_media":39084,"comment_status":"open","ping_status":"open","sticky":false,"template":"","format":"standard","meta":{"fifu_image_url":"","fifu_image_alt":"","footnotes":""},"categories":[13],"tags":[152],"class_list":["post-39083","post","type-post","status-publish","format-standard","has-post-thumbnail","hentry","category-capital","tag-norma-otilia-hernandez"],"_links":{"self":[{"href":"https:\/\/www.interaccionnoticias.com.mx\/index.php?rest_route=\/wp\/v2\/posts\/39083","targetHints":{"allow":["GET"]}}],"collection":[{"href":"https:\/\/www.interaccionnoticias.com.mx\/index.php?rest_route=\/wp\/v2\/posts"}],"about":[{"href":"https:\/\/www.interaccionnoticias.com.mx\/index.php?rest_route=\/wp\/v2\/types\/post"}],"author":[{"embeddable":true,"href":"https:\/\/www.interaccionnoticias.com.mx\/index.php?rest_route=\/wp\/v2\/users\/8"}],"replies":[{"embeddable":true,"href":"https:\/\/www.interaccionnoticias.com.mx\/index.php?rest_route=%2Fwp%2Fv2%2Fcomments&post=39083"}],"version-history":[{"count":1,"href":"https:\/\/www.interaccionnoticias.com.mx\/index.php?rest_route=\/wp\/v2\/posts\/39083\/revisions"}],"predecessor-version":[{"id":39086,"href":"https:\/\/www.interaccionnoticias.com.mx\/index.php?rest_route=\/wp\/v2\/posts\/39083\/revisions\/39086"}],"wp:featuredmedia":[{"embeddable":true,"href":"https:\/\/www.interaccionnoticias.com.mx\/index.php?rest_route=\/wp\/v2\/media\/39084"}],"wp:attachment":[{"href":"https:\/\/www.interaccionnoticias.com.mx\/index.php?rest_route=%2Fwp%2Fv2%2Fmedia&parent=39083"}],"wp:term":[{"taxonomy":"category","embeddable":true,"href":"https:\/\/www.interaccionnoticias.com.mx\/index.php?rest_route=%2Fwp%2Fv2%2Fcategories&post=39083"},{"taxonomy":"post_tag","embeddable":true,"href":"https:\/\/www.interaccionnoticias.com.mx\/index.php?rest_route=%2Fwp%2Fv2%2Ftags&post=39083"}],"curies":[{"name":"wp","href":"https:\/\/api.w.org\/{rel}","templated":true}]}}