{"id":39080,"date":"2021-12-13T16:01:16","date_gmt":"2021-12-13T22:01:16","guid":{"rendered":"https:\/\/interaccionnoticias.com.mx\/?p=39080"},"modified":"2021-12-13T16:01:21","modified_gmt":"2021-12-13T22:01:21","slug":"condena-prd-guerrero-la-irrupcion-de-normalistas-en-sus-oficinas","status":"publish","type":"post","link":"https:\/\/www.interaccionnoticias.com.mx\/?p=39080","title":{"rendered":"Condena PRD-Guerrero la irrupci\u00f3n de normalistas en sus oficinas"},"content":{"rendered":"\n<p> \u00a0<strong><em>&#8211; Van diez a\u00f1os de agresiones \u201cinjustificadas\u201d, dice el dirigente estatal, Alberto Catal\u00e1n Bastidas<\/em><\/strong>\u00a0\u00a0<\/p>\n\n\n\n<p><strong>Jes\u00fas Dorantes<\/strong><\/p>\n\n\n\n<p><strong>Chilpancingo , Gro .-<\/strong> El dirigente estatal del Partido de la Revoluci\u00f3n Democr\u00e1tica (PRD), Alberto Catal\u00e1n Bastida conden\u00f3 los destrozos causados por estudiantes de la normal rural Ra\u00fal Isidro Burgos en las oficinas de su Comit\u00e9 Ejecutivo Estatal (CEE), se\u00f1alando que dichos hechos constituyen una agresi\u00f3n pol\u00edtica injustificada.<\/p>\n\n\n\n<p>Por medio de un comunicado, el dirigente del partido del sol Azteca rechaz\u00f3 las acciones de los normalitas, calific\u00e1ndolas como agresiones injustificadas, y se\u00f1alando a los autores como pseudo estudiantes, qu\u00e9 a\u00f1o con a\u00f1o -recalc\u00f3-, causan destrozos en las oficinas de su partido, con total impunidad y bajo diferentes pretextos.<\/p>\n\n\n\n<p>&nbsp;Adem\u00e1s denunciaron que a pesar de que se procede legalmente, nunca existen responsables ni detenidos por los hechos, por lo que calific\u00f3 las acciones del domingo 12 de diciembre como una provocaci\u00f3n pol\u00edtica, pues a diferencia de otras ocasiones, este a\u00f1o no realizaron un bloqueo carretero de larga duraci\u00f3n y la mayor afectaci\u00f3n fue para su partido.<\/p>\n\n\n\n<p>Catal\u00e1n sostuvo que el PRD no es responsable de lo que ocurri\u00f3 con sus compa\u00f1eros; Alexis Herrera Pino y Gabriel Echeverr\u00eda de Jes\u00fas, ya que en sus oficinas no se encuentran las instancias que imparten justicia ni los responsables de los hechos reclamados, por lo que no existe raz\u00f3n para causar da\u00f1os en ellas.<\/p>\n\n\n\n<p>&nbsp;Agreg\u00f3 que tras la incursi\u00f3n de los estudiantes, ya se realiza la valoraci\u00f3n de los da\u00f1os y se espera que se presente un informe oficial con las cifras, lo que se incorporar\u00e1 a la investigaci\u00f3n que ya debi\u00f3 iniciar la autoridad.<\/p>\n","protected":false},"excerpt":{"rendered":"<p>\u00a0&#8211; Van diez a\u00f1os de agresiones \u201cinjustificadas\u201d, dice el dirigente estatal, Alberto Catal\u00e1n Bastidas\u00a0\u00a0 Jes\u00fas Dorantes Chilpancingo , Gro .- El dirigente estatal del Partido de la Revoluci\u00f3n Democr\u00e1tica (PRD),&hellip; <\/p>\n","protected":false},"author":8,"featured_media":39081,"comment_status":"open","ping_status":"open","sticky":false,"template":"","format":"standard","meta":{"fifu_image_url":"","fifu_image_alt":"","footnotes":""},"categories":[18],"tags":[41,161],"class_list":["post-39080","post","type-post","status-publish","format-standard","has-post-thumbnail","hentry","category-partidos-politicos","tag-alberto-catalan","tag-prd"],"_links":{"self":[{"href":"https:\/\/www.interaccionnoticias.com.mx\/index.php?rest_route=\/wp\/v2\/posts\/39080","targetHints":{"allow":["GET"]}}],"collection":[{"href":"https:\/\/www.interaccionnoticias.com.mx\/index.php?rest_route=\/wp\/v2\/posts"}],"about":[{"href":"https:\/\/www.interaccionnoticias.com.mx\/index.php?rest_route=\/wp\/v2\/types\/post"}],"author":[{"embeddable":true,"href":"https:\/\/www.interaccionnoticias.com.mx\/index.php?rest_route=\/wp\/v2\/users\/8"}],"replies":[{"embeddable":true,"href":"https:\/\/www.interaccionnoticias.com.mx\/index.php?rest_route=%2Fwp%2Fv2%2Fcomments&post=39080"}],"version-history":[{"count":1,"href":"https:\/\/www.interaccionnoticias.com.mx\/index.php?rest_route=\/wp\/v2\/posts\/39080\/revisions"}],"predecessor-version":[{"id":39082,"href":"https:\/\/www.interaccionnoticias.com.mx\/index.php?rest_route=\/wp\/v2\/posts\/39080\/revisions\/39082"}],"wp:featuredmedia":[{"embeddable":true,"href":"https:\/\/www.interaccionnoticias.com.mx\/index.php?rest_route=\/wp\/v2\/media\/39081"}],"wp:attachment":[{"href":"https:\/\/www.interaccionnoticias.com.mx\/index.php?rest_route=%2Fwp%2Fv2%2Fmedia&parent=39080"}],"wp:term":[{"taxonomy":"category","embeddable":true,"href":"https:\/\/www.interaccionnoticias.com.mx\/index.php?rest_route=%2Fwp%2Fv2%2Fcategories&post=39080"},{"taxonomy":"post_tag","embeddable":true,"href":"https:\/\/www.interaccionnoticias.com.mx\/index.php?rest_route=%2Fwp%2Fv2%2Ftags&post=39080"}],"curies":[{"name":"wp","href":"https:\/\/api.w.org\/{rel}","templated":true}]}}