{"id":39064,"date":"2021-12-12T19:11:27","date_gmt":"2021-12-13T01:11:27","guid":{"rendered":"http:\/\/www.inter-accion.com.mx\/?p=38932"},"modified":"2021-12-12T19:11:27","modified_gmt":"2021-12-13T01:11:27","slug":"38932","status":"publish","type":"post","link":"https:\/\/www.interaccionnoticias.com.mx\/?p=39064","title":{"rendered":"Numerosa participaci\u00f3n en la Primera Carrera de la Convivencia organizada por la Subsecretar\u00eda de Educaci\u00f3n Media Superior y Superior"},"content":{"rendered":"\n<p><strong>Chilpancingo Gro.<\/strong><\/p>\n\n\n\n<p>M\u00e1s de 500 corredores, entre ni\u00f1as, ni\u00f1os, j\u00f3venes&nbsp;&nbsp;y&nbsp;&nbsp;adultos, participaron en la Primer Carrera de la Convivencia, Chilpancingo \u2013 Llanos de Tepoxtepec,&nbsp;convocada por la Subsecretaria de Educaci\u00f3n Media Superior y Superior, que encabeza Marco Antonio Marb\u00e1n Galv\u00e1n.<\/p>\n\n\n\n<p>El banderazo inicial estuvo a cargo de la presidenta estatal del DIF, Luz Adriana Salgado Pineda , quien destac\u00f3 la importancia de practicar un deporte en beneficio de la salud y realizar actividades familiares que fortalecen los valores y contribuyen a la reconstrucci\u00f3n del tejido social en Guerrero.<\/p>\n\n\n\n<p>Por su parte, el subsecretario de Educaci\u00f3n Media Superior y Superior,&nbsp;&nbsp;Marb\u00e1n&nbsp;&nbsp;Galv\u00e1n , se\u00f1alo&nbsp;&nbsp;que luego de un prolongado encierro provocado por la pandemia del Covid -19, resulta positivo&nbsp;&nbsp;realizar actividades al aire libre que bajan el nivel de estr\u00e9s en las familias.<\/p>\n\n\n\n<p>Indic\u00f3 que la carrera se realiz\u00f3 bajo estrictas medidas sanitarias, cuidando en todo momento la salud de los participantes y agradeci\u00f3 a la gobernadora Evelyn salgado Pineda el apoyo para esta actividad deportiva.<\/p>\n\n\n\n<p>A la carrera, realizada el s\u00e1bado pasado,&nbsp;&nbsp;a lo largo de nueve Kil\u00f3metros,&nbsp;&nbsp;asistieron representativos de Acapulco, Tixtla y Chilpancingo, quienes compitieron en las categor\u00edas varonil y femenil&nbsp;&nbsp;de infantes, j\u00f3venes y adultos.<\/p>\n\n\n\n<p>Al final de la justa deportiva los participantes convivieron con vecinos de la comunidad de Llanos de Tepoxtepec, dando con ello inicio a las festividades de fin de a\u00f1o.<\/p>\n\n\n\n<p>Adem\u00e1s de los mencionados estuvieron presentes la directora general del Instituto del Deporte, Alma Roc\u00edo L\u00f3pez, el rector de la Universidad Tecnol\u00f3gica de Acapulco, Mois\u00e9s Carmona Serrano; el director&nbsp;&nbsp;del Instituto del bachillerato del Estado de Guerrero, Ernesto \u00c1vila Dami\u00e1n y autoridades de la&nbsp;&nbsp;comunidad de Llanos de Tepoxtepec.<\/p>\n","protected":false},"excerpt":{"rendered":"<p>Chilpancingo Gro. M\u00e1s de 500 corredores, entre ni\u00f1as, ni\u00f1os, j\u00f3venes&nbsp;&nbsp;y&nbsp;&nbsp;adultos, participaron en la Primer Carrera de la Convivencia, Chilpancingo \u2013 Llanos de Tepoxtepec,&nbsp;convocada por la Subsecretaria de Educaci\u00f3n Media Superior&hellip; <\/p>\n","protected":false},"author":19,"featured_media":38933,"comment_status":"open","ping_status":"open","sticky":false,"template":"","format":"standard","meta":{"fifu_image_url":"","fifu_image_alt":"","footnotes":""},"categories":[13],"tags":[],"class_list":["post-39064","post","type-post","status-publish","format-standard","has-post-thumbnail","hentry","category-capital"],"_links":{"self":[{"href":"https:\/\/www.interaccionnoticias.com.mx\/index.php?rest_route=\/wp\/v2\/posts\/39064","targetHints":{"allow":["GET"]}}],"collection":[{"href":"https:\/\/www.interaccionnoticias.com.mx\/index.php?rest_route=\/wp\/v2\/posts"}],"about":[{"href":"https:\/\/www.interaccionnoticias.com.mx\/index.php?rest_route=\/wp\/v2\/types\/post"}],"author":[{"embeddable":true,"href":"https:\/\/www.interaccionnoticias.com.mx\/index.php?rest_route=\/wp\/v2\/users\/19"}],"replies":[{"embeddable":true,"href":"https:\/\/www.interaccionnoticias.com.mx\/index.php?rest_route=%2Fwp%2Fv2%2Fcomments&post=39064"}],"version-history":[{"count":0,"href":"https:\/\/www.interaccionnoticias.com.mx\/index.php?rest_route=\/wp\/v2\/posts\/39064\/revisions"}],"wp:featuredmedia":[{"embeddable":true,"href":"https:\/\/www.interaccionnoticias.com.mx\/index.php?rest_route=\/wp\/v2\/media\/38933"}],"wp:attachment":[{"href":"https:\/\/www.interaccionnoticias.com.mx\/index.php?rest_route=%2Fwp%2Fv2%2Fmedia&parent=39064"}],"wp:term":[{"taxonomy":"category","embeddable":true,"href":"https:\/\/www.interaccionnoticias.com.mx\/index.php?rest_route=%2Fwp%2Fv2%2Fcategories&post=39064"},{"taxonomy":"post_tag","embeddable":true,"href":"https:\/\/www.interaccionnoticias.com.mx\/index.php?rest_route=%2Fwp%2Fv2%2Ftags&post=39064"}],"curies":[{"name":"wp","href":"https:\/\/api.w.org\/{rel}","templated":true}]}}