{"id":39063,"date":"2021-12-12T18:15:16","date_gmt":"2021-12-13T00:15:16","guid":{"rendered":"http:\/\/www.inter-accion.com.mx\/?p=38928"},"modified":"2021-12-12T18:15:16","modified_gmt":"2021-12-13T00:15:16","slug":"38928","status":"publish","type":"post","link":"https:\/\/www.interaccionnoticias.com.mx\/?p=39063","title":{"rendered":"Normalistas rurales vandalizan la sede estatal del PRD y bloquean la Autopista del Sol"},"content":{"rendered":"\n<p><strong><em>&#8211; Marchan rumbo al Parador del Marqu\u00e9s, a diez a\u00f1os del asesinato de sus compa\u00f1eros, Alexis Herrera Pino y Gabriel Echeverr\u00eda de Jes\u00fas<br>&#8211; Realizan misa y queman monigotes de \u00c1ngel Aguirre<\/em><\/strong><\/p>\n\n\n\n<p><strong><em>Jes\u00fas Dorantes<br>Angela Garc\u00eda<\/em><\/strong><\/p>\n\n\n\n<p>A golpe de marro, barretas y cincel, estudiantes de la Normal Rural de Ayotzinapa ingresaron al edificio que ocupa la sede del Comit\u00e9 Ejecutivo Estatal (CDE) del PRD, donde realizaron destrozos en ventanales, muebles y material de oficina, a diez a\u00f1os de desalojo en que murieron sus compa\u00f1eros Alexis Herrera Pino y Gabriel Echeverr\u00eda de Jes\u00fas.<\/p>\n\n\n\n<p>Los estudiantes de la Ra\u00fal Isidro Burgos de Ayotzinapa estuvieron acompa\u00f1ados por sus compa\u00f1eros de normales rurales de diferentes partes del pa\u00eds, que llegaron a Chilpancingo a bordo de una docena de autobuses antes del mediod\u00eda.<\/p>\n\n\n\n<p>Este domingo se cumplieron diez a\u00f1os del desalojo registrado el 12 de diciembre de 2011, en la entrada sur de la capital del estado, en el que participaron elementos de la Polic\u00eda del Estado, la Polic\u00eda Ministerial y personal de la extinta Polic\u00eda Federal (PF), que son los se\u00f1alados de haber iniciado los disparos en contra de los normalistas.<\/p>\n\n\n\n<p>El contingente se organiz\u00f3 en las inmediaciones del parque Margarita Maza de Ju\u00e1rez, tom\u00f3 direcci\u00f3n hacia la parte sur, avanzando sobre las avenidas Insurgentes, Benito Ju\u00e1rez, Ignacio Ram\u00edrez y Miguel Alem\u00e1n, hasta llegar al n\u00famero ochenta de la \u00faltima vialidad, donde se localiza la dirigencia estatal del PRD.<\/p>\n\n\n\n<p>En la descubierta principal colocaron un par de f\u00e9retros, alusivos a sus compa\u00f1eros asesinados y dos monigotes, uno de ellos con el rostro del exgobernador \u00c1ngel Aguirre Rivero.<\/p>\n\n\n\n<p>La escala en el PRD se debe a que dicho instituto pol\u00edtico ejerc\u00eda el poder en el estado de Guerrero en diciembre de 2011, teniendo como titular del Poder Ejecutivo al exgobernador Aguirre Rivero, quien recientemente public\u00f3 un libro en el que plantea su versi\u00f3n sobre esos hechos.<\/p>\n\n\n\n<p>Los normalistas se encontraron un edificio con las puertas reforzadas, de tal suerte que al principio se limitaron a realizar pintas en sus paredes, en las que se\u00f1alaban que los hechos del 12 de diciembre de 2011 no se olvidan.<\/p>\n\n\n\n<p>Sin embargo, consiguieron un marro y un cincel, herramientas que utilizaron para forzar una ventana, la que despu\u00e9s de varios minutos de acometidas cedi\u00f3 y los j\u00f3venes pudieron ingresar al inmueble.<\/p>\n\n\n\n<p>Ya dentro, los normalistas quebraron ventanas, destrozaron muebles, equipo de oficina y papeler\u00eda, a la que tambi\u00e9n prendieron fuego para luego retirarse.<\/p>\n\n\n\n<p>La acci\u00f3n provoc\u00f3 la movilizaci\u00f3n de bomberos y brigadistas de Protecci\u00f3n Civil, que acudieron al lugar para sofocar el fuego.<\/p>\n\n\n\n<p>No se reportaron personas lesionadas.<\/p>\n\n\n\n<p>La marcha contin\u00faa su trayecto hacia el sur, con la intenci\u00f3n de llegar a la entrada sur, en punto conocido como El Parador del Marqu\u00e9s.<\/p>\n\n\n\n<p><strong>Bloquean la Autopista del Sol, en El Parador del Marqu\u00e9s<\/strong><\/p>\n\n\n\n<p>La marcha camin\u00f3 calle abajo, tomando los carriles norte-sur de la Autopista del Sol, hasta llegar al Parador del Marques, lugar en el que se desarroll\u00f3 una misa en memoria de los ca\u00eddos y se realiz\u00f3 un mitin para exigir justicia.<\/p>\n\n\n\n<p>Durante el desarrollo de dicha actividad se mantuvieron bloqueados los cuatro carriles de la Autopista del Sol, afectando tambi\u00e9n la circulaci\u00f3n de la carretera federal M\u00e9xico-Acapulco, que permite la circulaci\u00f3n hacia el circuito R\u00edo Azul.<\/p>\n\n\n\n<p>Una vez culminada la misa se colocaron flores en las cruces de Gabriel Echeverr\u00eda y de Alexis Herrera, muy cerca de ellas se prendi\u00f3 fuego a los ata\u00fades color negro, que ten\u00edan estampadas leyendas alusivas a los diez a\u00f1os de impunidad que prevalecen en el caso.<\/p>\n\n\n\n<p>Tambi\u00e9n se incendiaron los monigotes y se reiter\u00f3 el repudio que en el normalismo rural existe hacia quienes formaban parte de la estructura de poder en ese diciembre de 2011.<\/p>\n\n\n\n<p>Aunque se gener\u00f3 un gran congestionamiento vehicular, las actividades de los contingentes de la Federaci\u00f3n de Estudiantes Campesinos Socialistas de M\u00e9xico (FECSM) culminaron sin complicaciones.<\/p>\n","protected":false},"excerpt":{"rendered":"<p>&#8211; Marchan rumbo al Parador del Marqu\u00e9s, a diez a\u00f1os del asesinato de sus compa\u00f1eros, Alexis Herrera Pino y Gabriel Echeverr\u00eda de Jes\u00fas&#8211; Realizan misa y queman monigotes de \u00c1ngel&hellip; <\/p>\n","protected":false},"author":8,"featured_media":38929,"comment_status":"open","ping_status":"open","sticky":false,"template":"","format":"standard","meta":{"fifu_image_url":"","fifu_image_alt":"","footnotes":""},"categories":[15],"tags":[],"class_list":["post-39063","post","type-post","status-publish","format-standard","has-post-thumbnail","hentry","category-movimientos-sociales"],"_links":{"self":[{"href":"https:\/\/www.interaccionnoticias.com.mx\/index.php?rest_route=\/wp\/v2\/posts\/39063","targetHints":{"allow":["GET"]}}],"collection":[{"href":"https:\/\/www.interaccionnoticias.com.mx\/index.php?rest_route=\/wp\/v2\/posts"}],"about":[{"href":"https:\/\/www.interaccionnoticias.com.mx\/index.php?rest_route=\/wp\/v2\/types\/post"}],"author":[{"embeddable":true,"href":"https:\/\/www.interaccionnoticias.com.mx\/index.php?rest_route=\/wp\/v2\/users\/8"}],"replies":[{"embeddable":true,"href":"https:\/\/www.interaccionnoticias.com.mx\/index.php?rest_route=%2Fwp%2Fv2%2Fcomments&post=39063"}],"version-history":[{"count":0,"href":"https:\/\/www.interaccionnoticias.com.mx\/index.php?rest_route=\/wp\/v2\/posts\/39063\/revisions"}],"wp:featuredmedia":[{"embeddable":true,"href":"https:\/\/www.interaccionnoticias.com.mx\/index.php?rest_route=\/wp\/v2\/media\/38929"}],"wp:attachment":[{"href":"https:\/\/www.interaccionnoticias.com.mx\/index.php?rest_route=%2Fwp%2Fv2%2Fmedia&parent=39063"}],"wp:term":[{"taxonomy":"category","embeddable":true,"href":"https:\/\/www.interaccionnoticias.com.mx\/index.php?rest_route=%2Fwp%2Fv2%2Fcategories&post=39063"},{"taxonomy":"post_tag","embeddable":true,"href":"https:\/\/www.interaccionnoticias.com.mx\/index.php?rest_route=%2Fwp%2Fv2%2Ftags&post=39063"}],"curies":[{"name":"wp","href":"https:\/\/api.w.org\/{rel}","templated":true}]}}