{"id":39059,"date":"2021-12-12T14:14:20","date_gmt":"2021-12-12T20:14:20","guid":{"rendered":"http:\/\/www.inter-accion.com.mx\/?p=38912"},"modified":"2021-12-12T14:14:20","modified_gmt":"2021-12-12T20:14:20","slug":"38912","status":"publish","type":"post","link":"https:\/\/www.interaccionnoticias.com.mx\/?p=39059","title":{"rendered":"Se queman dos transformadores"},"content":{"rendered":"\n<p><strong><em>&#8211; Comerciantes sofocan incendio<\/em><\/strong><\/p>\n\n\n\n<p><strong>Javier Trujillo<\/strong><\/p>\n\n\n\n<p><strong>Acapulco, Gro. &#8211;<\/strong> Un corto circuito ocasion\u00f3 que dos transformadores se quemar\u00e1n al interior del mercado Central, provocando un fuerte incendio, y la movilizaci\u00f3n de los propios locatarios quienes apagaron el fuego.<\/p>\n\n\n\n<p>De acuerdo con los propios locatarios, se trat\u00f3 de una sobre carga lo que ocasion\u00f3 que se calentar\u00e1n dos transformadores y empezar\u00e1 un incendio en una zona donde los mismos comerciantes dice se lleva a cabo la reparaci\u00f3n de ventiladores.<\/p>\n\n\n\n<p>De inmediato los propios locatarios sacaron extintores y sofocaron el incendio, con lo cual evitaron que se extendiera a otros locales que expenden fuegos artificiales.<\/p>\n\n\n\n<p>M\u00e1s tarde, hasta el lugar del incendio arribaron polic\u00edas estatales, quienes no acordonaron la zona, y ya que se hab\u00eda sofocado el fuego en el mercado, ubicado en la zona urbana de Acapulco.<\/p>\n\n\n\n<p>Los comerciantes y locatarios reprocharon que las obras viales mantienen cerrada la estaci\u00f3n de bomberos, en la avenida Prolongaci\u00f3n Durango y Constituyentes, desde que se iniciaron la obra vial que dej\u00f3 inconclusa el gobierno de la ex alcaldesa de Morena, Adela Rom\u00e1n.<\/p>\n\n\n\n<p>Una vez que los comerciales controlaron el incendio llegaron elementos del cuerpo de bomberos y Protecci\u00f3n Civil, solo para atestiguar que todo fue apagado.<\/p>\n\n\n\n<p>De acuerdo con las autoridades se reportan perdidas materiales por los objetos que ah\u00ed se encontraban.<\/p>\n\n\n\n<p>Al mismo tiempo se llam\u00f3 a las autoridades de la Comisi\u00f3n Federal de Electricidad (CFE), para que atienden los da\u00f1os que dej\u00f3 el incendio de los dos transformadores ya que todos los locales del mercado central est\u00e1n sin servicio de energ\u00eda el\u00e9ctrica.<\/p>\n","protected":false},"excerpt":{"rendered":"<p>&#8211; Comerciantes sofocan incendio Javier Trujillo Acapulco, Gro. &#8211; Un corto circuito ocasion\u00f3 que dos transformadores se quemar\u00e1n al interior del mercado Central, provocando un fuerte incendio, y la movilizaci\u00f3n&hellip; <\/p>\n","protected":false},"author":3,"featured_media":39047,"comment_status":"open","ping_status":"open","sticky":false,"template":"","format":"standard","meta":{"fifu_image_url":"","fifu_image_alt":"","footnotes":""},"categories":[27],"tags":[],"class_list":["post-39059","post","type-post","status-publish","format-standard","has-post-thumbnail","hentry","category-seguridad-publica"],"_links":{"self":[{"href":"https:\/\/www.interaccionnoticias.com.mx\/index.php?rest_route=\/wp\/v2\/posts\/39059","targetHints":{"allow":["GET"]}}],"collection":[{"href":"https:\/\/www.interaccionnoticias.com.mx\/index.php?rest_route=\/wp\/v2\/posts"}],"about":[{"href":"https:\/\/www.interaccionnoticias.com.mx\/index.php?rest_route=\/wp\/v2\/types\/post"}],"author":[{"embeddable":true,"href":"https:\/\/www.interaccionnoticias.com.mx\/index.php?rest_route=\/wp\/v2\/users\/3"}],"replies":[{"embeddable":true,"href":"https:\/\/www.interaccionnoticias.com.mx\/index.php?rest_route=%2Fwp%2Fv2%2Fcomments&post=39059"}],"version-history":[{"count":0,"href":"https:\/\/www.interaccionnoticias.com.mx\/index.php?rest_route=\/wp\/v2\/posts\/39059\/revisions"}],"wp:featuredmedia":[{"embeddable":true,"href":"https:\/\/www.interaccionnoticias.com.mx\/index.php?rest_route=\/wp\/v2\/media\/39047"}],"wp:attachment":[{"href":"https:\/\/www.interaccionnoticias.com.mx\/index.php?rest_route=%2Fwp%2Fv2%2Fmedia&parent=39059"}],"wp:term":[{"taxonomy":"category","embeddable":true,"href":"https:\/\/www.interaccionnoticias.com.mx\/index.php?rest_route=%2Fwp%2Fv2%2Fcategories&post=39059"},{"taxonomy":"post_tag","embeddable":true,"href":"https:\/\/www.interaccionnoticias.com.mx\/index.php?rest_route=%2Fwp%2Fv2%2Ftags&post=39059"}],"curies":[{"name":"wp","href":"https:\/\/api.w.org\/{rel}","templated":true}]}}