{"id":39040,"date":"2021-12-10T18:59:08","date_gmt":"2021-12-11T00:59:08","guid":{"rendered":"http:\/\/www.inter-accion.com.mx\/?p=38904"},"modified":"2021-12-10T18:59:08","modified_gmt":"2021-12-11T00:59:08","slug":"38904","status":"publish","type":"post","link":"https:\/\/www.interaccionnoticias.com.mx\/?p=39040","title":{"rendered":"Adultos mayores y personas con capacidades diferentes bloquearon calles del centro de la ciudad"},"content":{"rendered":"\n<p><strong>Rosario Garc\u00eda Orozco<\/strong><\/p>\n\n\n\n<p><strong>Chilpancingo, Gro., 10 de diciembre del 2021.- <\/strong>Personas con capacidades diferentes y adultos mayores, integrantes del Frente de Grupos Vulnerables, y encabezados por Silvestre Ch\u00e1vez Rodr\u00edguez, bloquearon la Avenida Ignacio Ram\u00edrez esquina con calle Morelos en pleno centro de Chilpancingo, en exigencia del pago de apoyos sociales prometidos por los gobiernos federal y estatal.<\/p>\n\n\n\n<p>Los inconformes denunciaron que las tarjetas que les dieron para recibir el apoyo econ\u00f3mico no tienen fondos, \u201csolo nos enga\u00f1an, ya les gust\u00f3 burlarse de los grupos vulnerables\u201d, se quejaron.<\/p>\n\n\n\n<p>Se trata de Tarjetas del Bienestar, que a decir de los manifestantes no ten\u00edan fondos, y varios a\u00fan no han entrado a los padrones para ser considerados.<\/p>\n\n\n\n<p>\u201cA los compa\u00f1eros de Pensi\u00f3n Guerrero, y adultos mayores se les dio una tarjeta sin apoyos, est\u00e1n en cero las tarjetas, nom\u00e1s es para tapar la situaci\u00f3n\u201d, reprocho el dirigente social.<\/p>\n\n\n\n<p>Pidi\u00f3 a la gobernadora Evelyn Salgado cumpla con los compromisos que asumi\u00f3 con los grupos vulnerables y que sus funcionarios ya no los enga\u00f1en con la promesa de apoyarlos.<\/p>\n\n\n\n<p>Agreg\u00f3 que adem\u00e1s hay varios de los beneficiarios a los que se les adeudan pagos anteriores y no les han cumplido, por lo que pidi\u00f3 que se pongan al corriente con esas deudas.<\/p>\n\n\n\n<p>\u201cNosotros pedimos su consideraci\u00f3n y poder cubrir esos adeudos que se llevaron los gobernantes anteriores, ya no van a venir a pagar, pedimos la consideraci\u00f3n de su gran sensibilidad de la gobernadora\u201d, insisti\u00f3.<\/p>\n","protected":false},"excerpt":{"rendered":"<p>Rosario Garc\u00eda Orozco Chilpancingo, Gro., 10 de diciembre del 2021.- Personas con capacidades diferentes y adultos mayores, integrantes del Frente de Grupos Vulnerables, y encabezados por Silvestre Ch\u00e1vez Rodr\u00edguez, bloquearon&hellip; <\/p>\n","protected":false},"author":21,"featured_media":39031,"comment_status":"open","ping_status":"open","sticky":false,"template":"","format":"standard","meta":{"fifu_image_url":"","fifu_image_alt":"","footnotes":""},"categories":[13],"tags":[],"class_list":["post-39040","post","type-post","status-publish","format-standard","has-post-thumbnail","hentry","category-capital"],"_links":{"self":[{"href":"https:\/\/www.interaccionnoticias.com.mx\/index.php?rest_route=\/wp\/v2\/posts\/39040","targetHints":{"allow":["GET"]}}],"collection":[{"href":"https:\/\/www.interaccionnoticias.com.mx\/index.php?rest_route=\/wp\/v2\/posts"}],"about":[{"href":"https:\/\/www.interaccionnoticias.com.mx\/index.php?rest_route=\/wp\/v2\/types\/post"}],"author":[{"embeddable":true,"href":"https:\/\/www.interaccionnoticias.com.mx\/index.php?rest_route=\/wp\/v2\/users\/21"}],"replies":[{"embeddable":true,"href":"https:\/\/www.interaccionnoticias.com.mx\/index.php?rest_route=%2Fwp%2Fv2%2Fcomments&post=39040"}],"version-history":[{"count":0,"href":"https:\/\/www.interaccionnoticias.com.mx\/index.php?rest_route=\/wp\/v2\/posts\/39040\/revisions"}],"wp:featuredmedia":[{"embeddable":true,"href":"https:\/\/www.interaccionnoticias.com.mx\/index.php?rest_route=\/wp\/v2\/media\/39031"}],"wp:attachment":[{"href":"https:\/\/www.interaccionnoticias.com.mx\/index.php?rest_route=%2Fwp%2Fv2%2Fmedia&parent=39040"}],"wp:term":[{"taxonomy":"category","embeddable":true,"href":"https:\/\/www.interaccionnoticias.com.mx\/index.php?rest_route=%2Fwp%2Fv2%2Fcategories&post=39040"},{"taxonomy":"post_tag","embeddable":true,"href":"https:\/\/www.interaccionnoticias.com.mx\/index.php?rest_route=%2Fwp%2Fv2%2Ftags&post=39040"}],"curies":[{"name":"wp","href":"https:\/\/api.w.org\/{rel}","templated":true}]}}