{"id":39034,"date":"2021-12-10T18:33:19","date_gmt":"2021-12-11T00:33:19","guid":{"rendered":"http:\/\/www.inter-accion.com.mx\/?p=38872"},"modified":"2021-12-10T18:33:19","modified_gmt":"2021-12-11T00:33:19","slug":"38872","status":"publish","type":"post","link":"https:\/\/www.interaccionnoticias.com.mx\/?p=39034","title":{"rendered":"Comparecencias de aspirantes a la FGE podr\u00edan realizarse a puerta cerrada"},"content":{"rendered":"\n<p><strong><em>&#8211; No es por opacidad, aclara el presidente de la Jucopo en el Congreso local<\/em><\/strong><\/p>\n\n\n\n<p><strong>Rogelio Agust\u00edn<\/strong><\/p>\n\n\n\n<p>El presidente de la Junta de Coordinaci\u00f3n Pol\u00edtica (Jucopo) del Congreso local, Alfredo S\u00e1nchez Esquivel advirti\u00f3 que las comparecencias de los aspirantes a la Fiscal\u00eda General del Estado (FGE) podr\u00edan realizarse a puerta cerrada, aunque aclar\u00f3 que no ser\u00eda por un tema de opacidad.<\/p>\n\n\n\n<p>En el inicio de la semana, el coordinador de los diputados locales del PRI, H\u00e9ctor Apreza Patr\u00f3n anticip\u00f3 que una vez que la gobernadora Evelyn Salgado Pineda haga llegar la terna de abogados que aspiran a la FGE, \u00e9l solicitar\u00e1 a la Jucopo que las comparecencias de los candidatos finalistas se desarrolle de manera abierta, para que la sociedad conozca el desempe\u00f1o, conocimiento y la viabilidad de los proyectos que presenten.<\/p>\n\n\n\n<p>Este viernes, el coordinador de la bancada de Morena, Alfredo S\u00e1nchez destac\u00f3 que el asunto estar\u00e1 sujeto al an\u00e1lisis de los integrantes de la Jucopo, ya que son varios los elementos que se deben tomar en cuenta.<\/p>\n\n\n\n<p>Indic\u00f3: \u201cHay temas que hay que tener muy presentes, pues no hacerlas p\u00fablicas no necesariamente es un tema de opacidad\u201d.<\/p>\n\n\n\n<p>Explic\u00f3: \u201cLo que pasa es que hay temas de seguridad, de cuidar algunos asuntos pol\u00edticos que est\u00e1n detr\u00e1s del procedimiento\u201d.<\/p>\n\n\n\n<p>No obstante, admiti\u00f3 siempre; \u201centre m\u00e1s transparente sea un procedimiento es mejor\u201d.<\/p>\n","protected":false},"excerpt":{"rendered":"<p>&#8211; No es por opacidad, aclara el presidente de la Jucopo en el Congreso local Rogelio Agust\u00edn El presidente de la Junta de Coordinaci\u00f3n Pol\u00edtica (Jucopo) del Congreso local, Alfredo&hellip; <\/p>\n","protected":false},"author":21,"featured_media":39024,"comment_status":"open","ping_status":"open","sticky":false,"template":"","format":"standard","meta":{"fifu_image_url":"","fifu_image_alt":"","footnotes":""},"categories":[2],"tags":[],"class_list":["post-39034","post","type-post","status-publish","format-standard","has-post-thumbnail","hentry","category-congreso"],"_links":{"self":[{"href":"https:\/\/www.interaccionnoticias.com.mx\/index.php?rest_route=\/wp\/v2\/posts\/39034","targetHints":{"allow":["GET"]}}],"collection":[{"href":"https:\/\/www.interaccionnoticias.com.mx\/index.php?rest_route=\/wp\/v2\/posts"}],"about":[{"href":"https:\/\/www.interaccionnoticias.com.mx\/index.php?rest_route=\/wp\/v2\/types\/post"}],"author":[{"embeddable":true,"href":"https:\/\/www.interaccionnoticias.com.mx\/index.php?rest_route=\/wp\/v2\/users\/21"}],"replies":[{"embeddable":true,"href":"https:\/\/www.interaccionnoticias.com.mx\/index.php?rest_route=%2Fwp%2Fv2%2Fcomments&post=39034"}],"version-history":[{"count":0,"href":"https:\/\/www.interaccionnoticias.com.mx\/index.php?rest_route=\/wp\/v2\/posts\/39034\/revisions"}],"wp:featuredmedia":[{"embeddable":true,"href":"https:\/\/www.interaccionnoticias.com.mx\/index.php?rest_route=\/wp\/v2\/media\/39024"}],"wp:attachment":[{"href":"https:\/\/www.interaccionnoticias.com.mx\/index.php?rest_route=%2Fwp%2Fv2%2Fmedia&parent=39034"}],"wp:term":[{"taxonomy":"category","embeddable":true,"href":"https:\/\/www.interaccionnoticias.com.mx\/index.php?rest_route=%2Fwp%2Fv2%2Fcategories&post=39034"},{"taxonomy":"post_tag","embeddable":true,"href":"https:\/\/www.interaccionnoticias.com.mx\/index.php?rest_route=%2Fwp%2Fv2%2Ftags&post=39034"}],"curies":[{"name":"wp","href":"https:\/\/api.w.org\/{rel}","templated":true}]}}